{"id":14573,"date":"2017-01-06T22:27:04","date_gmt":"2017-01-07T01:27:04","guid":{"rendered":"http:\/\/blogdoeloiltoncajuhy.com.br\/site\/?p=14573"},"modified":"2017-01-06T22:27:04","modified_gmt":"2017-01-07T01:27:04","slug":"bonfim-6o-bpm-lanca-projeto-cinema-comunitario","status":"publish","type":"post","link":"https:\/\/blogdoeloiltoncajuhy.com.br\/site\/bonfim-6o-bpm-lanca-projeto-cinema-comunitario\/","title":{"rendered":"BONFIM: 6\u00ba BPM lan\u00e7a projeto Cinema Comunit\u00e1rio"},"content":{"rendered":"<p><a href=\"https:\/\/i0.wp.com\/blogdoeloiltoncajuhy.com.br\/site\/wp-content\/uploads\/2017\/01\/PM_cinema-comunit%C3%A1rio1.png\"><img data-recalc-dims=\"1\" fetchpriority=\"high\" decoding=\"async\" class=\"aligncenter size-full wp-image-14574\" src=\"https:\/\/i0.wp.com\/blogdoeloiltoncajuhy.com.br\/site\/wp-content\/uploads\/2017\/01\/PM_cinema-comunit%C3%A1rio1.png?resize=506%2C380\" alt=\"\" width=\"506\" height=\"380\" srcset=\"https:\/\/i0.wp.com\/blogdoeloiltoncajuhy.com.br\/site\/wp-content\/uploads\/2017\/01\/PM_cinema-comunit%C3%A1rio1.png?w=506&amp;ssl=1 506w, https:\/\/i0.wp.com\/blogdoeloiltoncajuhy.com.br\/site\/wp-content\/uploads\/2017\/01\/PM_cinema-comunit%C3%A1rio1.png?resize=300%2C225&amp;ssl=1 300w, https:\/\/i0.wp.com\/blogdoeloiltoncajuhy.com.br\/site\/wp-content\/uploads\/2017\/01\/PM_cinema-comunit%C3%A1rio1.png?resize=250%2C188&amp;ssl=1 250w\" sizes=\"(max-width: 506px) 100vw, 506px\" \/><\/a>Na noite desta quinta-feira (05), o 6\u00ba BPM fez o lan\u00e7amento do Projeto Cinema Comunit\u00e1rio na Tela do Bem.\u00a0O evento contou com a presen\u00e7a do Comandante do 6\u00ba BPM, Ten Cel PM Jos\u00e9 Carlos Soares Mariano, policiais (oficiais e pra\u00e7as) do 6\u00ba BPM, Leonor Sena Gomes, representando\u00a0a Secretaria de A\u00e7\u00e3o e Desenvolvimento Social, Carlos Alberto, presidente da Associa\u00e7\u00e3o de Moradores do Bairro Alto da Maravilha, e moradores do referido bairro.<\/p>\n<p>O evento de lan\u00e7amento do Projeto contou com uma plateia de cerca de 260 pessoas. Foi realizado na quadra poliesportiva Paulo Pereira da Silva, na Pra\u00e7a Boa Esperan\u00e7a, Alto da Maravilha, Senhor do Bonfim. Nesta sess\u00e3o foi exibido o filme \u201cUm Sonho Poss\u00edvel\u201d, drama norte-americano baseado em uma historia real. Al\u00e9m do filme, a Filarm\u00f4nica do 6\u00ba BPM, tamb\u00e9m fez parte da programa\u00e7\u00e3o, brindando a todos os presentes com a execu\u00e7\u00e3o de bel\u00edssimas m\u00fasicas.<\/p>\n<p><a href=\"https:\/\/i0.wp.com\/blogdoeloiltoncajuhy.com.br\/site\/wp-content\/uploads\/2017\/01\/PM_cinema-comunit%C3%A1rio3.png\"><img data-recalc-dims=\"1\" decoding=\"async\" class=\"aligncenter wp-image-14576 size-full\" src=\"https:\/\/i0.wp.com\/blogdoeloiltoncajuhy.com.br\/site\/wp-content\/uploads\/2017\/01\/PM_cinema-comunit%C3%A1rio3.png?resize=506%2C380\" width=\"506\" height=\"380\" srcset=\"https:\/\/i0.wp.com\/blogdoeloiltoncajuhy.com.br\/site\/wp-content\/uploads\/2017\/01\/PM_cinema-comunit%C3%A1rio3.png?w=506&amp;ssl=1 506w, https:\/\/i0.wp.com\/blogdoeloiltoncajuhy.com.br\/site\/wp-content\/uploads\/2017\/01\/PM_cinema-comunit%C3%A1rio3.png?resize=300%2C225&amp;ssl=1 300w, https:\/\/i0.wp.com\/blogdoeloiltoncajuhy.com.br\/site\/wp-content\/uploads\/2017\/01\/PM_cinema-comunit%C3%A1rio3.png?resize=250%2C188&amp;ssl=1 250w\" sizes=\"(max-width: 506px) 100vw, 506px\" \/><\/a>O Projeto Cinema Comunit\u00e1rio na Tela do Bem visa levar \u00e0s comunidades mais carentes filmes educativos, sendo que, ao final da exibi\u00e7\u00e3o, o tema central do filme \u00e9 debatido, por um profissional habilitado na \u00e1rea de humanas. O Projeto ser\u00e1 realizado a cada quinze dias, em logradouros p\u00fablicos, de bairros diferentes, sempre a partir das 19 horas.<\/p>\n<p><em>*Pol\u00edcia Militar da Bahia\/Sexto Batalh\u00e3o de Pol\u00edcia Militar\/Se\u00e7\u00e3o de Comunica\u00e7\u00e3o Social<\/em><\/p>\n","protected":false},"excerpt":{"rendered":"<p>Na noite desta quinta-feira (05), o 6\u00ba BPM fez o lan\u00e7amento do Projeto Cinema Comunit\u00e1rio na Tela do Bem.\u00a0O evento contou com a presen\u00e7a do Comandante do 6\u00ba BPM, Ten Cel PM Jos\u00e9 Carlos Soares Mariano, policiais (oficiais e pra\u00e7as) do 6\u00ba BPM, Leonor Sena Gomes, representando\u00a0a Secretaria de A\u00e7\u00e3o e Desenvolvimento Social, Carlos Alberto, [&hellip;]<\/p>\n","protected":false},"author":2,"featured_media":14576,"comment_status":"open","ping_status":"open","sticky":false,"template":"","format":"standard","meta":{"_acf_changed":false,"_monsterinsights_skip_tracking":false,"_monsterinsights_sitenote_active":false,"_monsterinsights_sitenote_note":"","_monsterinsights_sitenote_category":0,"_jetpack_memberships_contains_paid_content":false,"footnotes":"","jetpack_publicize_message":"","jetpack_publicize_feature_enabled":true,"jetpack_social_post_already_shared":true,"jetpack_social_options":{"image_generator_settings":{"template":"highway","default_image_id":0,"font":"","enabled":false},"version":2}},"categories":[1,4],"tags":[],"class_list":["post-14573","post","type-post","status-publish","format-standard","has-post-thumbnail","hentry","category-noticias","category-local"],"acf":[],"jetpack_publicize_connections":[],"jetpack_featured_media_url":"https:\/\/i0.wp.com\/blogdoeloiltoncajuhy.com.br\/site\/wp-content\/uploads\/2017\/01\/PM_cinema-comunit%C3%A1rio3.png?fit=506%2C380&ssl=1","jetpack_sharing_enabled":true,"publishpress_future_workflow_manual_trigger":{"enabledWorkflows":[]},"_links":{"self":[{"href":"https:\/\/blogdoeloiltoncajuhy.com.br\/site\/wp-json\/wp\/v2\/posts\/14573","targetHints":{"allow":["GET"]}}],"collection":[{"href":"https:\/\/blogdoeloiltoncajuhy.com.br\/site\/wp-json\/wp\/v2\/posts"}],"about":[{"href":"https:\/\/blogdoeloiltoncajuhy.com.br\/site\/wp-json\/wp\/v2\/types\/post"}],"author":[{"embeddable":true,"href":"https:\/\/blogdoeloiltoncajuhy.com.br\/site\/wp-json\/wp\/v2\/users\/2"}],"replies":[{"embeddable":true,"href":"https:\/\/blogdoeloiltoncajuhy.com.br\/site\/wp-json\/wp\/v2\/comments?post=14573"}],"version-history":[{"count":1,"href":"https:\/\/blogdoeloiltoncajuhy.com.br\/site\/wp-json\/wp\/v2\/posts\/14573\/revisions"}],"predecessor-version":[{"id":14577,"href":"https:\/\/blogdoeloiltoncajuhy.com.br\/site\/wp-json\/wp\/v2\/posts\/14573\/revisions\/14577"}],"wp:featuredmedia":[{"embeddable":true,"href":"https:\/\/blogdoeloiltoncajuhy.com.br\/site\/wp-json\/wp\/v2\/media\/14576"}],"wp:attachment":[{"href":"https:\/\/blogdoeloiltoncajuhy.com.br\/site\/wp-json\/wp\/v2\/media?parent=14573"}],"wp:term":[{"taxonomy":"category","embeddable":true,"href":"https:\/\/blogdoeloiltoncajuhy.com.br\/site\/wp-json\/wp\/v2\/categories?post=14573"},{"taxonomy":"post_tag","embeddable":true,"href":"https:\/\/blogdoeloiltoncajuhy.com.br\/site\/wp-json\/wp\/v2\/tags?post=14573"}],"curies":[{"name":"wp","href":"https:\/\/api.w.org\/{rel}","templated":true}]}}