{"id":14568,"date":"2017-01-06T15:08:39","date_gmt":"2017-01-06T18:08:39","guid":{"rendered":"http:\/\/blogdoeloiltoncajuhy.com.br\/site\/?p=14568"},"modified":"2017-01-06T15:08:39","modified_gmt":"2017-01-06T18:08:39","slug":"promotor-agride-enfermeira-e-aponta-arma-para-ela-em-hospital-de-juazeiro","status":"publish","type":"post","link":"https:\/\/blogdoeloiltoncajuhy.com.br\/site\/promotor-agride-enfermeira-e-aponta-arma-para-ela-em-hospital-de-juazeiro\/","title":{"rendered":"Promotor agride enfermeira e aponta arma para ela em hospital de Juazeiro"},"content":{"rendered":"<figure id=\"attachment_14570\" aria-describedby=\"caption-attachment-14570\" style=\"width: 380px\" class=\"wp-caption aligncenter\"><a href=\"https:\/\/i0.wp.com\/blogdoeloiltoncajuhy.com.br\/site\/wp-content\/uploads\/2017\/01\/pr%C3%B3matre1.jpg\"><img data-recalc-dims=\"1\" fetchpriority=\"high\" decoding=\"async\" class=\"wp-image-14570 size-full\" src=\"https:\/\/i0.wp.com\/blogdoeloiltoncajuhy.com.br\/site\/wp-content\/uploads\/2017\/01\/pr%C3%B3matre1.jpg?resize=380%2C280\" width=\"380\" height=\"280\" srcset=\"https:\/\/i0.wp.com\/blogdoeloiltoncajuhy.com.br\/site\/wp-content\/uploads\/2017\/01\/pr%C3%B3matre1.jpg?w=380&amp;ssl=1 380w, https:\/\/i0.wp.com\/blogdoeloiltoncajuhy.com.br\/site\/wp-content\/uploads\/2017\/01\/pr%C3%B3matre1.jpg?resize=300%2C221&amp;ssl=1 300w, https:\/\/i0.wp.com\/blogdoeloiltoncajuhy.com.br\/site\/wp-content\/uploads\/2017\/01\/pr%C3%B3matre1.jpg?resize=250%2C184&amp;ssl=1 250w\" sizes=\"(max-width: 380px) 100vw, 380px\" \/><\/a><figcaption id=\"caption-attachment-14570\" class=\"wp-caption-text\">Foto: Glauber Guerra \/ Bahia Not\u00edcias<\/figcaption><\/figure>\n<p>Um promotor de Justi\u00e7a da cidade de Remanso, Rafael Rocha, \u00e9 acusado de entrar no Hospital Pr\u00f3-Matre, em Juazeiro, sacar uma arma e exigir o prontu\u00e1rio de um paciente internado na unidade. De acordo com a coordenadora de Enfermagem do hospital, Cristine Coelho, o caso aconteceu pouco antes das 17h desta quinta-feira (5).<\/p>\n<p>Acompanhado de outros dois rapazes, que tamb\u00e9m se identificaram como funcion\u00e1rios da promotoria, Rocha se encaminhou ao setor de Cristina, onde exigiu que ela lhe entregasse o documento m\u00e9dico. Como a divulga\u00e7\u00e3o de prontu\u00e1rios sem autoriza\u00e7\u00e3o da fam\u00edlia ou ordem judicial \u00e9 proibida por lei, a coordenadora se negou a lhe entregar o prontu\u00e1rio. Ele, ent\u00e3o, sacou uma arma e amea\u00e7ou prend\u00ea-la.<\/p>\n<p>\u201cEle primeiro queria saber algumas coisas sobre a transfer\u00eancia de pacientes, eu informei, ent\u00e3o ele tirou um relat\u00f3rio e pediu informa\u00e7\u00f5es sobre um determinado paciente. Eu fui buscar as informa\u00e7\u00f5es, voltei, falei que o paciente n\u00e3o tinha solicita\u00e7\u00e3o de transfer\u00eancia, ele exigiu o prontu\u00e1rio e disse que eu seria presa se n\u00e3o entregasse\u201d, relata a coordenadora em entrevista ao Bahia Not\u00edcias.<\/p>\n<p>Cristine conta que toda a situa\u00e7\u00e3o durou cerca de uma hora e meia com Rocha exaltado, aos gritos e xingando-a. Os dois rapazes que o acompanhavam n\u00e3o se envolveram na discuss\u00e3o, mas um deles saiu para chamar a pol\u00edcia, a mando do promotor. \u201cEu fiquei na minha porque sabia que estava fazendo o certo, mas ele me pegou pelo bra\u00e7o, ficou agitando, apontando a arma para mim\u201d, ressalta a chefe do setor, que j\u00e1 trabalha na unidade h\u00e1 seis anos.<\/p>\n<figure id=\"attachment_14571\" aria-describedby=\"caption-attachment-14571\" style=\"width: 400px\" class=\"wp-caption aligncenter\"><a href=\"https:\/\/i0.wp.com\/blogdoeloiltoncajuhy.com.br\/site\/wp-content\/uploads\/2017\/01\/cristine-1.jpg\"><img data-recalc-dims=\"1\" decoding=\"async\" class=\"wp-image-14571 size-full\" src=\"https:\/\/i0.wp.com\/blogdoeloiltoncajuhy.com.br\/site\/wp-content\/uploads\/2017\/01\/cristine-1-e1483726063593.jpg?resize=400%2C300\" width=\"400\" height=\"300\" \/><\/a><figcaption id=\"caption-attachment-14571\" class=\"wp-caption-text\">Bra\u00e7o de Cristine ap\u00f3s a agress\u00e3o | Foto: Acervo Pessoal<\/figcaption><\/figure>\n<p>Com o bra\u00e7o roxo devido aos fortes apertos que recebeu, Cristine j\u00e1 realizou exame de corpo de delito e vai prestar queixa na Delegacia da Mulher. Ela conta ainda que quando a pol\u00edcia chegou ao local para escolt\u00e1-la, a agress\u00e3o j\u00e1 havia ocorrido e eles nada fizeram a respeito. Os diretores do hospital tamb\u00e9m foram chamados a fim de apartar a confus\u00e3o e ap\u00f3s mais discuss\u00f5es com o promotor, o hospital liberou um relat\u00f3rio de evolu\u00e7\u00e3o pessoal do paciente, o que fez com que Rocha deixasse o pr\u00e9dio.<\/p>\n<p>\u201cEu quero realmente saber que postura vai tomar o Minist\u00e9rio P\u00fablico em rela\u00e7\u00e3o a isso\u201d, ressalta Vitor Borges, diretor m\u00e9dico da unidade, acrescentando que o advogado do Pr\u00f3-Matre vai entrar com uma representa\u00e7\u00e3o contra o promotor. \u201cEle passou por cima de tudo que h\u00e1 em termos de lei e civilidade. A condu\u00e7\u00e3o dele conosco e, sobretudo com a coordenadora de enfermagem, foi inadmiss\u00edvel\u201d, completa.<\/p>\n<p>O Bahia Not\u00edcias tentou entrar em contato com o Minist\u00e9rio P\u00fablico de Juazeiro, mas, por conta do recesso nas atividades, n\u00e3o obteve resposta.<\/p>\n<p><em>*Bahia Not\u00edcias<\/em><\/p>\n","protected":false},"excerpt":{"rendered":"<p>Um promotor de Justi\u00e7a da cidade de Remanso, Rafael Rocha, \u00e9 acusado de entrar no Hospital Pr\u00f3-Matre, em Juazeiro, sacar uma arma e exigir o prontu\u00e1rio de um paciente internado na unidade. De acordo com a coordenadora de Enfermagem do hospital, Cristine Coelho, o caso aconteceu pouco antes das 17h desta quinta-feira (5). Acompanhado de [&hellip;]<\/p>\n","protected":false},"author":2,"featured_media":14571,"comment_status":"open","ping_status":"open","sticky":false,"template":"","format":"standard","meta":{"_acf_changed":false,"_monsterinsights_skip_tracking":false,"_monsterinsights_sitenote_active":false,"_monsterinsights_sitenote_note":"","_monsterinsights_sitenote_category":0,"_jetpack_memberships_contains_paid_content":false,"footnotes":"","jetpack_publicize_message":"","jetpack_publicize_feature_enabled":true,"jetpack_social_post_already_shared":true,"jetpack_social_options":{"image_generator_settings":{"template":"highway","default_image_id":0,"font":"","enabled":false},"version":2}},"categories":[5,1,11],"tags":[],"class_list":["post-14568","post","type-post","status-publish","format-standard","has-post-thumbnail","hentry","category-cotidiano","category-noticias","category-regional"],"acf":[],"jetpack_publicize_connections":[],"jetpack_featured_media_url":"https:\/\/i0.wp.com\/blogdoeloiltoncajuhy.com.br\/site\/wp-content\/uploads\/2017\/01\/cristine-1-e1483726063593.jpg?fit=400%2C300&ssl=1","jetpack_sharing_enabled":true,"publishpress_future_workflow_manual_trigger":{"enabledWorkflows":[]},"_links":{"self":[{"href":"https:\/\/blogdoeloiltoncajuhy.com.br\/site\/wp-json\/wp\/v2\/posts\/14568","targetHints":{"allow":["GET"]}}],"collection":[{"href":"https:\/\/blogdoeloiltoncajuhy.com.br\/site\/wp-json\/wp\/v2\/posts"}],"about":[{"href":"https:\/\/blogdoeloiltoncajuhy.com.br\/site\/wp-json\/wp\/v2\/types\/post"}],"author":[{"embeddable":true,"href":"https:\/\/blogdoeloiltoncajuhy.com.br\/site\/wp-json\/wp\/v2\/users\/2"}],"replies":[{"embeddable":true,"href":"https:\/\/blogdoeloiltoncajuhy.com.br\/site\/wp-json\/wp\/v2\/comments?post=14568"}],"version-history":[{"count":1,"href":"https:\/\/blogdoeloiltoncajuhy.com.br\/site\/wp-json\/wp\/v2\/posts\/14568\/revisions"}],"predecessor-version":[{"id":14572,"href":"https:\/\/blogdoeloiltoncajuhy.com.br\/site\/wp-json\/wp\/v2\/posts\/14568\/revisions\/14572"}],"wp:featuredmedia":[{"embeddable":true,"href":"https:\/\/blogdoeloiltoncajuhy.com.br\/site\/wp-json\/wp\/v2\/media\/14571"}],"wp:attachment":[{"href":"https:\/\/blogdoeloiltoncajuhy.com.br\/site\/wp-json\/wp\/v2\/media?parent=14568"}],"wp:term":[{"taxonomy":"category","embeddable":true,"href":"https:\/\/blogdoeloiltoncajuhy.com.br\/site\/wp-json\/wp\/v2\/categories?post=14568"},{"taxonomy":"post_tag","embeddable":true,"href":"https:\/\/blogdoeloiltoncajuhy.com.br\/site\/wp-json\/wp\/v2\/tags?post=14568"}],"curies":[{"name":"wp","href":"https:\/\/api.w.org\/{rel}","templated":true}]}}