{"id":14564,"date":"2017-01-06T12:31:18","date_gmt":"2017-01-06T15:31:18","guid":{"rendered":"http:\/\/blogdoeloiltoncajuhy.com.br\/site\/?p=14564"},"modified":"2017-01-06T12:31:18","modified_gmt":"2017-01-06T15:31:18","slug":"bonfim-prefeito-recebe-representes-da-camara-territorial-de-politicas-para-as-mulheres","status":"publish","type":"post","link":"https:\/\/blogdoeloiltoncajuhy.com.br\/site\/bonfim-prefeito-recebe-representes-da-camara-territorial-de-politicas-para-as-mulheres\/","title":{"rendered":"BONFIM: Prefeito recebe representes da C\u00e2mara Territorial de Pol\u00edticas para as Mulheres"},"content":{"rendered":"<p><a href=\"https:\/\/i0.wp.com\/blogdoeloiltoncajuhy.com.br\/site\/wp-content\/uploads\/2017\/01\/Encontro-com-C%C3%A2mara-Mulheres2.jpg\"><img data-recalc-dims=\"1\" fetchpriority=\"high\" decoding=\"async\" class=\"wp-image-14565 size-medium alignright\" src=\"https:\/\/i0.wp.com\/blogdoeloiltoncajuhy.com.br\/site\/wp-content\/uploads\/2017\/01\/Encontro-com-C%C3%A2mara-Mulheres2.jpg?resize=300%2C225\" width=\"300\" height=\"225\" srcset=\"https:\/\/i0.wp.com\/blogdoeloiltoncajuhy.com.br\/site\/wp-content\/uploads\/2017\/01\/Encontro-com-C%C3%A2mara-Mulheres2.jpg?resize=300%2C225&amp;ssl=1 300w, https:\/\/i0.wp.com\/blogdoeloiltoncajuhy.com.br\/site\/wp-content\/uploads\/2017\/01\/Encontro-com-C%C3%A2mara-Mulheres2.jpg?resize=250%2C188&amp;ssl=1 250w, https:\/\/i0.wp.com\/blogdoeloiltoncajuhy.com.br\/site\/wp-content\/uploads\/2017\/01\/Encontro-com-C%C3%A2mara-Mulheres2.jpg?w=640&amp;ssl=1 640w\" sizes=\"(max-width: 300px) 100vw, 300px\" \/><\/a>Representantes da C\u00e2mara Territorial de Pol\u00edticas para as Mulheres do Territ\u00f3rio do Piamente Norte do Itapicuru se reuniram com Prefeito Carlos Brasileiro. As representantes solicitaram uma aten\u00e7\u00e3o especial do novo governo para pol\u00edticas p\u00fablicas municipais voltadas \u00e0s mulheres.<\/p>\n<p>Entre os assuntos discutidos, a reorganiza\u00e7\u00e3o do Centro de Refer\u00eancia para Mulher (CRM), implanta\u00e7\u00e3o de uma delegacia especializada para atendimento das mulheres e a realiza\u00e7\u00e3o de projetos de inser\u00e7\u00e3o produtiva que possam articular e elaborar pol\u00edticas p\u00fablicas que assegurem a constru\u00e7\u00e3o da igualdade e que possam contribuir para combater preconceitos e discrimina\u00e7\u00f5es sofridos pelas mulheres.<\/p>\n<p>O Prefeito solicitou ao Chefe de Gabinete, Helder Amorim, um agendamento com os Secret\u00e1rios de Governo para analise das demandas. A Secret\u00e1ria de Sa\u00fade, Angeli Matos, receber\u00e1 em breve a comitiva da C\u00e2mara das Mulheres, para discutir a realiza\u00e7\u00e3o de campanhas p\u00fablicas voltadas para sa\u00fade da mulher.<\/p>\n<p><a href=\"https:\/\/i0.wp.com\/blogdoeloiltoncajuhy.com.br\/site\/wp-content\/uploads\/2017\/01\/Encontro-com-C%C3%A2mara-Mulheres1-e1483716660104.jpg\"><img data-recalc-dims=\"1\" decoding=\"async\" class=\"aligncenter size-full wp-image-14566\" src=\"https:\/\/i0.wp.com\/blogdoeloiltoncajuhy.com.br\/site\/wp-content\/uploads\/2017\/01\/Encontro-com-C%C3%A2mara-Mulheres1-e1483716660104.jpg?resize=440%2C330\" alt=\"\" width=\"440\" height=\"330\" \/><\/a>A C\u00e2mara Tem\u00e1tica de Pol\u00edticas P\u00fablicas para as Mulheres tem como objetivo fortalecer os organismos de pol\u00edticas p\u00fablicas para mulheres nos munic\u00edpios que comp\u00f5em o territ\u00f3rio do Piemonte Norte do Itapicuru. \u00c9\u00a0formada por membros de nove cidades e composta por representantes do poder p\u00fablico e sociedade civil.<\/p>\n<p><em>*Ascom Prefeitura Municipal de Senhor do Bonfim<\/em><\/p>\n","protected":false},"excerpt":{"rendered":"<p>Representantes da C\u00e2mara Territorial de Pol\u00edticas para as Mulheres do Territ\u00f3rio do Piamente Norte do Itapicuru se reuniram com Prefeito Carlos Brasileiro. As representantes solicitaram uma aten\u00e7\u00e3o especial do novo governo para pol\u00edticas p\u00fablicas municipais voltadas \u00e0s mulheres. Entre os assuntos discutidos, a reorganiza\u00e7\u00e3o do Centro de Refer\u00eancia para Mulher (CRM), implanta\u00e7\u00e3o de uma delegacia [&hellip;]<\/p>\n","protected":false},"author":2,"featured_media":14566,"comment_status":"open","ping_status":"open","sticky":false,"template":"","format":"standard","meta":{"_acf_changed":false,"_monsterinsights_skip_tracking":false,"_monsterinsights_sitenote_active":false,"_monsterinsights_sitenote_note":"","_monsterinsights_sitenote_category":0,"_jetpack_memberships_contains_paid_content":false,"footnotes":"","jetpack_publicize_message":"","jetpack_publicize_feature_enabled":true,"jetpack_social_post_already_shared":true,"jetpack_social_options":{"image_generator_settings":{"template":"highway","default_image_id":0,"font":"","enabled":false},"version":2}},"categories":[1,3,4],"tags":[],"class_list":["post-14564","post","type-post","status-publish","format-standard","has-post-thumbnail","hentry","category-noticias","category-politica","category-local"],"acf":[],"jetpack_publicize_connections":[],"jetpack_featured_media_url":"https:\/\/i0.wp.com\/blogdoeloiltoncajuhy.com.br\/site\/wp-content\/uploads\/2017\/01\/Encontro-com-C%C3%A2mara-Mulheres1-e1483716660104.jpg?fit=440%2C330&ssl=1","jetpack_sharing_enabled":true,"publishpress_future_workflow_manual_trigger":{"enabledWorkflows":[]},"_links":{"self":[{"href":"https:\/\/blogdoeloiltoncajuhy.com.br\/site\/wp-json\/wp\/v2\/posts\/14564","targetHints":{"allow":["GET"]}}],"collection":[{"href":"https:\/\/blogdoeloiltoncajuhy.com.br\/site\/wp-json\/wp\/v2\/posts"}],"about":[{"href":"https:\/\/blogdoeloiltoncajuhy.com.br\/site\/wp-json\/wp\/v2\/types\/post"}],"author":[{"embeddable":true,"href":"https:\/\/blogdoeloiltoncajuhy.com.br\/site\/wp-json\/wp\/v2\/users\/2"}],"replies":[{"embeddable":true,"href":"https:\/\/blogdoeloiltoncajuhy.com.br\/site\/wp-json\/wp\/v2\/comments?post=14564"}],"version-history":[{"count":1,"href":"https:\/\/blogdoeloiltoncajuhy.com.br\/site\/wp-json\/wp\/v2\/posts\/14564\/revisions"}],"predecessor-version":[{"id":14567,"href":"https:\/\/blogdoeloiltoncajuhy.com.br\/site\/wp-json\/wp\/v2\/posts\/14564\/revisions\/14567"}],"wp:featuredmedia":[{"embeddable":true,"href":"https:\/\/blogdoeloiltoncajuhy.com.br\/site\/wp-json\/wp\/v2\/media\/14566"}],"wp:attachment":[{"href":"https:\/\/blogdoeloiltoncajuhy.com.br\/site\/wp-json\/wp\/v2\/media?parent=14564"}],"wp:term":[{"taxonomy":"category","embeddable":true,"href":"https:\/\/blogdoeloiltoncajuhy.com.br\/site\/wp-json\/wp\/v2\/categories?post=14564"},{"taxonomy":"post_tag","embeddable":true,"href":"https:\/\/blogdoeloiltoncajuhy.com.br\/site\/wp-json\/wp\/v2\/tags?post=14564"}],"curies":[{"name":"wp","href":"https:\/\/api.w.org\/{rel}","templated":true}]}}