{"id":14556,"date":"2017-01-06T09:28:45","date_gmt":"2017-01-06T12:28:45","guid":{"rendered":"http:\/\/blogdoeloiltoncajuhy.com.br\/site\/?p=14556"},"modified":"2017-01-06T09:28:45","modified_gmt":"2017-01-06T12:28:45","slug":"esportes-cbf-detalha-jogos-da-copa-do-brasil-envolvendo-os-baianos","status":"publish","type":"post","link":"https:\/\/blogdoeloiltoncajuhy.com.br\/site\/esportes-cbf-detalha-jogos-da-copa-do-brasil-envolvendo-os-baianos\/","title":{"rendered":"ESPORTES: CBF detalha jogos da Copa do Brasil envolvendo os baianos"},"content":{"rendered":"<p><a href=\"https:\/\/i0.wp.com\/blogdoeloiltoncajuhy.com.br\/site\/wp-content\/uploads\/2015\/08\/copa-do-brasl.png\"><img data-recalc-dims=\"1\" fetchpriority=\"high\" decoding=\"async\" class=\"wp-image-3284 size-medium alignleft\" src=\"https:\/\/i0.wp.com\/blogdoeloiltoncajuhy.com.br\/site\/wp-content\/uploads\/2015\/08\/copa-do-brasl.png?resize=300%2C200\" width=\"300\" height=\"200\" srcset=\"https:\/\/i0.wp.com\/blogdoeloiltoncajuhy.com.br\/site\/wp-content\/uploads\/2015\/08\/copa-do-brasl.png?resize=300%2C200&amp;ssl=1 300w, https:\/\/i0.wp.com\/blogdoeloiltoncajuhy.com.br\/site\/wp-content\/uploads\/2015\/08\/copa-do-brasl.png?resize=250%2C167&amp;ssl=1 250w, https:\/\/i0.wp.com\/blogdoeloiltoncajuhy.com.br\/site\/wp-content\/uploads\/2015\/08\/copa-do-brasl.png?w=620&amp;ssl=1 620w\" sizes=\"(max-width: 300px) 100vw, 300px\" \/><\/a>A Confedera\u00e7\u00e3o Brasileira de Futebol (CBF) divulgou a tabela detalhada com os confrontos envolvendo os baianos na Copa do Brasil.<\/p>\n<p>O primeiro baiano a entrar em campo ser\u00e1 o Vit\u00f3ria da Conquista. O Bode encara o Coritiba no dia 8 de fevereiro, \u00e0s 19h15 (hor\u00e1rio de Bras\u00edlia) no Lomanto J\u00fanior.<\/p>\n<p>No mesmo dia, \u00e0s 19h30 (hor\u00e1rio de Bras\u00edlia) ser\u00e1 a vez do Vit\u00f3ria encarar o Luzi\u00e2nia, no Distrito Federal.<\/p>\n<p>J\u00e1 o Bahia vai fazer sua estreia no dia 16 de fevereiro, \u00e0s 21h30 (hor\u00e1rio de Bras\u00edlia) em Sergipe.<\/p>\n<p><em>*Gal\u00e1ticos Online<\/em><\/p>\n","protected":false},"excerpt":{"rendered":"<p>A Confedera\u00e7\u00e3o Brasileira de Futebol (CBF) divulgou a tabela detalhada com os confrontos envolvendo os baianos na Copa do Brasil. O primeiro baiano a entrar em campo ser\u00e1 o Vit\u00f3ria da Conquista. O Bode encara o Coritiba no dia 8 de fevereiro, \u00e0s 19h15 (hor\u00e1rio de Bras\u00edlia) no Lomanto J\u00fanior. No mesmo dia, \u00e0s 19h30 [&hellip;]<\/p>\n","protected":false},"author":2,"featured_media":0,"comment_status":"open","ping_status":"open","sticky":false,"template":"","format":"standard","meta":{"_acf_changed":false,"_monsterinsights_skip_tracking":false,"_monsterinsights_sitenote_active":false,"_monsterinsights_sitenote_note":"","_monsterinsights_sitenote_category":0,"_jetpack_memberships_contains_paid_content":false,"footnotes":"","jetpack_publicize_message":"","jetpack_publicize_feature_enabled":true,"jetpack_social_post_already_shared":true,"jetpack_social_options":{"image_generator_settings":{"template":"highway","default_image_id":0,"font":"","enabled":false},"version":2}},"categories":[6,1],"tags":[],"class_list":["post-14556","post","type-post","status-publish","format-standard","hentry","category-esportes","category-noticias"],"acf":[],"jetpack_publicize_connections":[],"jetpack_featured_media_url":"","jetpack_sharing_enabled":true,"publishpress_future_workflow_manual_trigger":{"enabledWorkflows":[]},"_links":{"self":[{"href":"https:\/\/blogdoeloiltoncajuhy.com.br\/site\/wp-json\/wp\/v2\/posts\/14556","targetHints":{"allow":["GET"]}}],"collection":[{"href":"https:\/\/blogdoeloiltoncajuhy.com.br\/site\/wp-json\/wp\/v2\/posts"}],"about":[{"href":"https:\/\/blogdoeloiltoncajuhy.com.br\/site\/wp-json\/wp\/v2\/types\/post"}],"author":[{"embeddable":true,"href":"https:\/\/blogdoeloiltoncajuhy.com.br\/site\/wp-json\/wp\/v2\/users\/2"}],"replies":[{"embeddable":true,"href":"https:\/\/blogdoeloiltoncajuhy.com.br\/site\/wp-json\/wp\/v2\/comments?post=14556"}],"version-history":[{"count":1,"href":"https:\/\/blogdoeloiltoncajuhy.com.br\/site\/wp-json\/wp\/v2\/posts\/14556\/revisions"}],"predecessor-version":[{"id":14557,"href":"https:\/\/blogdoeloiltoncajuhy.com.br\/site\/wp-json\/wp\/v2\/posts\/14556\/revisions\/14557"}],"wp:attachment":[{"href":"https:\/\/blogdoeloiltoncajuhy.com.br\/site\/wp-json\/wp\/v2\/media?parent=14556"}],"wp:term":[{"taxonomy":"category","embeddable":true,"href":"https:\/\/blogdoeloiltoncajuhy.com.br\/site\/wp-json\/wp\/v2\/categories?post=14556"},{"taxonomy":"post_tag","embeddable":true,"href":"https:\/\/blogdoeloiltoncajuhy.com.br\/site\/wp-json\/wp\/v2\/tags?post=14556"}],"curies":[{"name":"wp","href":"https:\/\/api.w.org\/{rel}","templated":true}]}}