{"id":14553,"date":"2017-01-06T07:02:56","date_gmt":"2017-01-06T10:02:56","guid":{"rendered":"http:\/\/blogdoeloiltoncajuhy.com.br\/site\/?p=14553"},"modified":"2017-01-06T07:02:56","modified_gmt":"2017-01-06T10:02:56","slug":"prefeitura-de-andorinha-inaugura-posto-de-saude-da-familia-na-rua-do-tanque","status":"publish","type":"post","link":"https:\/\/blogdoeloiltoncajuhy.com.br\/site\/prefeitura-de-andorinha-inaugura-posto-de-saude-da-familia-na-rua-do-tanque\/","title":{"rendered":"Prefeitura de Andorinha inaugura Posto de Sa\u00fade da Fam\u00edlia na Rua do Tanque"},"content":{"rendered":"<p><a href=\"https:\/\/i0.wp.com\/blogdoeloiltoncajuhy.com.br\/site\/wp-content\/uploads\/2017\/01\/PSF_Rua-do-Tanque-e1483696953352.png\"><img data-recalc-dims=\"1\" fetchpriority=\"high\" decoding=\"async\" class=\"aligncenter size-full wp-image-14554\" src=\"https:\/\/i0.wp.com\/blogdoeloiltoncajuhy.com.br\/site\/wp-content\/uploads\/2017\/01\/PSF_Rua-do-Tanque-e1483696953352.png?resize=600%2C300\" alt=\"\" width=\"600\" height=\"300\" \/><\/a>Aconteceu na noite de quarta-feira (4), a inaugura\u00e7\u00e3o do posto de sa\u00fade da Rua do Tanque, em Andorinha. O mais novo Posto de Sa\u00fade da Fam\u00edlia (PSF), foi inaugurado oficialmente com a presen\u00e7a do Prefeito Renato Brand\u00e3o (PP), secret\u00e1rios de governo, vereadores, moradores da comunidade e do ex-prefeito Z\u00e9 Branco.<\/p>\n<p>A Unidade de Sa\u00fade da Rua do Tanque ter\u00e1 consult\u00f3rios, salas de procedimentos, vacina, curativo, esteriliza\u00e7\u00e3o, inala\u00e7\u00e3o, farm\u00e1cia, al\u00e9m de recep\u00e7\u00e3o e sala de espera, banheiros e cozinha.<\/p>\n<p>A unidade funcionar\u00e1 de segunda a sexta-feira, das 8h \u00e0s 16h, oferecendo atendimento de enfermagem e cl\u00ednica m\u00e9dica, e em breve atendimento com dentista, fisioterapeuta e psic\u00f3logo.<\/p>\n<p>\u201cEstamos fazendo valer o compromisso da administra\u00e7\u00e3o em trabalhar para avan\u00e7ar a sa\u00fade no munic\u00edpio, dando um ganho as fam\u00edlias andorinhenses com mais qualidade de vida\u201d, falou o secret\u00e1rio da sa\u00fade Pablo Campos.<\/p>\n<p><em>*Ascom Andorinha<\/em><\/p>\n","protected":false},"excerpt":{"rendered":"<p>Aconteceu na noite de quarta-feira (4), a inaugura\u00e7\u00e3o do posto de sa\u00fade da Rua do Tanque, em Andorinha. O mais novo Posto de Sa\u00fade da Fam\u00edlia (PSF), foi inaugurado oficialmente com a presen\u00e7a do Prefeito Renato Brand\u00e3o (PP), secret\u00e1rios de governo, vereadores, moradores da comunidade e do ex-prefeito Z\u00e9 Branco. A Unidade de Sa\u00fade da [&hellip;]<\/p>\n","protected":false},"author":2,"featured_media":14554,"comment_status":"open","ping_status":"open","sticky":false,"template":"","format":"standard","meta":{"_acf_changed":false,"_monsterinsights_skip_tracking":false,"_monsterinsights_sitenote_active":false,"_monsterinsights_sitenote_note":"","_monsterinsights_sitenote_category":0,"_jetpack_memberships_contains_paid_content":false,"footnotes":"","jetpack_publicize_message":"","jetpack_publicize_feature_enabled":true,"jetpack_social_post_already_shared":true,"jetpack_social_options":{"image_generator_settings":{"template":"highway","default_image_id":0,"font":"","enabled":false},"version":2}},"categories":[1,11,7],"tags":[],"class_list":["post-14553","post","type-post","status-publish","format-standard","has-post-thumbnail","hentry","category-noticias","category-regional","category-saude"],"acf":[],"jetpack_publicize_connections":[],"jetpack_featured_media_url":"https:\/\/i0.wp.com\/blogdoeloiltoncajuhy.com.br\/site\/wp-content\/uploads\/2017\/01\/PSF_Rua-do-Tanque-e1483696953352.png?fit=600%2C300&ssl=1","jetpack_sharing_enabled":true,"publishpress_future_workflow_manual_trigger":{"enabledWorkflows":[]},"_links":{"self":[{"href":"https:\/\/blogdoeloiltoncajuhy.com.br\/site\/wp-json\/wp\/v2\/posts\/14553","targetHints":{"allow":["GET"]}}],"collection":[{"href":"https:\/\/blogdoeloiltoncajuhy.com.br\/site\/wp-json\/wp\/v2\/posts"}],"about":[{"href":"https:\/\/blogdoeloiltoncajuhy.com.br\/site\/wp-json\/wp\/v2\/types\/post"}],"author":[{"embeddable":true,"href":"https:\/\/blogdoeloiltoncajuhy.com.br\/site\/wp-json\/wp\/v2\/users\/2"}],"replies":[{"embeddable":true,"href":"https:\/\/blogdoeloiltoncajuhy.com.br\/site\/wp-json\/wp\/v2\/comments?post=14553"}],"version-history":[{"count":1,"href":"https:\/\/blogdoeloiltoncajuhy.com.br\/site\/wp-json\/wp\/v2\/posts\/14553\/revisions"}],"predecessor-version":[{"id":14555,"href":"https:\/\/blogdoeloiltoncajuhy.com.br\/site\/wp-json\/wp\/v2\/posts\/14553\/revisions\/14555"}],"wp:featuredmedia":[{"embeddable":true,"href":"https:\/\/blogdoeloiltoncajuhy.com.br\/site\/wp-json\/wp\/v2\/media\/14554"}],"wp:attachment":[{"href":"https:\/\/blogdoeloiltoncajuhy.com.br\/site\/wp-json\/wp\/v2\/media?parent=14553"}],"wp:term":[{"taxonomy":"category","embeddable":true,"href":"https:\/\/blogdoeloiltoncajuhy.com.br\/site\/wp-json\/wp\/v2\/categories?post=14553"},{"taxonomy":"post_tag","embeddable":true,"href":"https:\/\/blogdoeloiltoncajuhy.com.br\/site\/wp-json\/wp\/v2\/tags?post=14553"}],"curies":[{"name":"wp","href":"https:\/\/api.w.org\/{rel}","templated":true}]}}