{"id":14549,"date":"2017-01-05T21:13:30","date_gmt":"2017-01-06T00:13:30","guid":{"rendered":"http:\/\/blogdoeloiltoncajuhy.com.br\/site\/?p=14549"},"modified":"2017-01-05T21:13:30","modified_gmt":"2017-01-06T00:13:30","slug":"bonfim-prefeitura-inicia-operacao-banho-de-luz","status":"publish","type":"post","link":"https:\/\/blogdoeloiltoncajuhy.com.br\/site\/bonfim-prefeitura-inicia-operacao-banho-de-luz\/","title":{"rendered":"BONFIM: Prefeitura inicia opera\u00e7\u00e3o &#8220;Banho de Luz&#8221;"},"content":{"rendered":"<figure id=\"attachment_14550\" aria-describedby=\"caption-attachment-14550\" style=\"width: 600px\" class=\"wp-caption aligncenter\"><a href=\"https:\/\/i0.wp.com\/blogdoeloiltoncajuhy.com.br\/site\/wp-content\/uploads\/2017\/01\/banho-de-luz1-e1483661454661.jpg\"><img data-recalc-dims=\"1\" fetchpriority=\"high\" decoding=\"async\" class=\"wp-image-14550 size-full\" src=\"https:\/\/i0.wp.com\/blogdoeloiltoncajuhy.com.br\/site\/wp-content\/uploads\/2017\/01\/banho-de-luz1-e1483661454661.jpg?resize=600%2C400\" width=\"600\" height=\"400\" \/><\/a><figcaption id=\"caption-attachment-14550\" class=\"wp-caption-text\">Avenida Antonio Laurindo (Foto: Ascom Prefeitura de Senhor do Bonfim)<\/figcaption><\/figure>\n<p>Conforme anunciado pelo Prefeito Carlos Brasileiro no dia de sua posse, no \u00faltimo domingo (1\u00ba), a Prefeitura Municipal de Senhor do Bonfim j\u00e1 iniciou a opera\u00e7\u00e3o &#8220;Banho de Luz&#8221;, com o objetivo de recuperar a ilumina\u00e7\u00e3o p\u00fablica da cidade.<\/p>\n<p>Na sua p\u00e1gina do Facebook, Brasileiro comemorou o in\u00edcio da opera\u00e7\u00e3o:<\/p>\n<p><strong>&#8220;<em>Vamos iluminar nossa cidade. Come\u00e7ou a opera\u00e7\u00e3o BANHO DE LUZ &#8211; Nossa cidade mais bonita e mais segura. As avenidas Antonio Laurindo e ACM &#8211; entradas principais, j\u00e1 receberam a visita de nossa equipe<\/em>&#8220;<\/strong>, escreveu.<\/p>\n<figure id=\"attachment_14551\" aria-describedby=\"caption-attachment-14551\" style=\"width: 600px\" class=\"wp-caption aligncenter\"><a href=\"https:\/\/i0.wp.com\/blogdoeloiltoncajuhy.com.br\/site\/wp-content\/uploads\/2017\/01\/banho-de-luz2-e1483661477927.jpg\"><img data-recalc-dims=\"1\" decoding=\"async\" class=\"wp-image-14551 size-full\" src=\"https:\/\/i0.wp.com\/blogdoeloiltoncajuhy.com.br\/site\/wp-content\/uploads\/2017\/01\/banho-de-luz2-e1483661477927.jpg?resize=600%2C400\" width=\"600\" height=\"400\" \/><\/a><figcaption id=\"caption-attachment-14551\" class=\"wp-caption-text\">Avenida ACM (Foto: Ascom Prefeitura de Senhor do Bonfim)<\/figcaption><\/figure>\n<p><em>*BLOG DO ELOILTON CAJUHY<\/em><\/p>\n","protected":false},"excerpt":{"rendered":"<p>Conforme anunciado pelo Prefeito Carlos Brasileiro no dia de sua posse, no \u00faltimo domingo (1\u00ba), a Prefeitura Municipal de Senhor do Bonfim j\u00e1 iniciou a opera\u00e7\u00e3o &#8220;Banho de Luz&#8221;, com o objetivo de recuperar a ilumina\u00e7\u00e3o p\u00fablica da cidade. Na sua p\u00e1gina do Facebook, Brasileiro comemorou o in\u00edcio da opera\u00e7\u00e3o: &#8220;Vamos iluminar nossa cidade. Come\u00e7ou [&hellip;]<\/p>\n","protected":false},"author":2,"featured_media":14551,"comment_status":"open","ping_status":"open","sticky":false,"template":"","format":"standard","meta":{"_acf_changed":false,"_monsterinsights_skip_tracking":false,"_monsterinsights_sitenote_active":false,"_monsterinsights_sitenote_note":"","_monsterinsights_sitenote_category":0,"_jetpack_memberships_contains_paid_content":false,"footnotes":"","jetpack_publicize_message":"","jetpack_publicize_feature_enabled":true,"jetpack_social_post_already_shared":true,"jetpack_social_options":{"image_generator_settings":{"template":"highway","default_image_id":0,"font":"","enabled":false},"version":2}},"categories":[1,3,4],"tags":[],"class_list":["post-14549","post","type-post","status-publish","format-standard","has-post-thumbnail","hentry","category-noticias","category-politica","category-local"],"acf":[],"jetpack_publicize_connections":[],"jetpack_featured_media_url":"https:\/\/i0.wp.com\/blogdoeloiltoncajuhy.com.br\/site\/wp-content\/uploads\/2017\/01\/banho-de-luz2-e1483661477927.jpg?fit=600%2C400&ssl=1","jetpack_sharing_enabled":true,"publishpress_future_workflow_manual_trigger":{"enabledWorkflows":[]},"_links":{"self":[{"href":"https:\/\/blogdoeloiltoncajuhy.com.br\/site\/wp-json\/wp\/v2\/posts\/14549","targetHints":{"allow":["GET"]}}],"collection":[{"href":"https:\/\/blogdoeloiltoncajuhy.com.br\/site\/wp-json\/wp\/v2\/posts"}],"about":[{"href":"https:\/\/blogdoeloiltoncajuhy.com.br\/site\/wp-json\/wp\/v2\/types\/post"}],"author":[{"embeddable":true,"href":"https:\/\/blogdoeloiltoncajuhy.com.br\/site\/wp-json\/wp\/v2\/users\/2"}],"replies":[{"embeddable":true,"href":"https:\/\/blogdoeloiltoncajuhy.com.br\/site\/wp-json\/wp\/v2\/comments?post=14549"}],"version-history":[{"count":1,"href":"https:\/\/blogdoeloiltoncajuhy.com.br\/site\/wp-json\/wp\/v2\/posts\/14549\/revisions"}],"predecessor-version":[{"id":14552,"href":"https:\/\/blogdoeloiltoncajuhy.com.br\/site\/wp-json\/wp\/v2\/posts\/14549\/revisions\/14552"}],"wp:featuredmedia":[{"embeddable":true,"href":"https:\/\/blogdoeloiltoncajuhy.com.br\/site\/wp-json\/wp\/v2\/media\/14551"}],"wp:attachment":[{"href":"https:\/\/blogdoeloiltoncajuhy.com.br\/site\/wp-json\/wp\/v2\/media?parent=14549"}],"wp:term":[{"taxonomy":"category","embeddable":true,"href":"https:\/\/blogdoeloiltoncajuhy.com.br\/site\/wp-json\/wp\/v2\/categories?post=14549"},{"taxonomy":"post_tag","embeddable":true,"href":"https:\/\/blogdoeloiltoncajuhy.com.br\/site\/wp-json\/wp\/v2\/tags?post=14549"}],"curies":[{"name":"wp","href":"https:\/\/api.w.org\/{rel}","templated":true}]}}