{"id":14545,"date":"2017-01-05T19:34:03","date_gmt":"2017-01-05T22:34:03","guid":{"rendered":"http:\/\/blogdoeloiltoncajuhy.com.br\/site\/?p=14545"},"modified":"2017-01-05T19:34:03","modified_gmt":"2017-01-05T22:34:03","slug":"prefeitura-de-ponto-novo-decreta-situacao-de-emergencia-administrativa","status":"publish","type":"post","link":"https:\/\/blogdoeloiltoncajuhy.com.br\/site\/prefeitura-de-ponto-novo-decreta-situacao-de-emergencia-administrativa\/","title":{"rendered":"Prefeitura de Ponto Novo decreta situa\u00e7\u00e3o de emerg\u00eancia administrativa"},"content":{"rendered":"<p><a href=\"https:\/\/i0.wp.com\/blogdoeloiltoncajuhy.com.br\/site\/wp-content\/uploads\/2017\/01\/PN_decreto.png\"><img data-recalc-dims=\"1\" fetchpriority=\"high\" decoding=\"async\" class=\"aligncenter size-full wp-image-14512\" src=\"https:\/\/i0.wp.com\/blogdoeloiltoncajuhy.com.br\/site\/wp-content\/uploads\/2017\/01\/PN_decreto.png?resize=413%2C328\" alt=\"\" width=\"413\" height=\"328\" srcset=\"https:\/\/i0.wp.com\/blogdoeloiltoncajuhy.com.br\/site\/wp-content\/uploads\/2017\/01\/PN_decreto.png?w=413&amp;ssl=1 413w, https:\/\/i0.wp.com\/blogdoeloiltoncajuhy.com.br\/site\/wp-content\/uploads\/2017\/01\/PN_decreto.png?resize=300%2C238&amp;ssl=1 300w, https:\/\/i0.wp.com\/blogdoeloiltoncajuhy.com.br\/site\/wp-content\/uploads\/2017\/01\/PN_decreto.png?resize=250%2C199&amp;ssl=1 250w\" sizes=\"(max-width: 413px) 100vw, 413px\" \/><\/a>O prefeito de Ponto Novo, Tiago Ven\u00e2ncio, decretou situa\u00e7\u00e3o de emerg\u00eancia administrativa por um per\u00edodo de 60 dias.\u00a0O Decreto N\u00ba 020\/2017, publicado nesta quinta-feira (05), declara situa\u00e7\u00e3o de emerg\u00eancia no munic\u00edpio de Ponto Novo, atingido por anormalidades administrativas, visto que a gest\u00e3o anterior n\u00e3o cumpriu o que\u00a0determina a Resolu\u00e7\u00e3o 1.311\/2012 \u2013 TCM\/BA, causando preju\u00edzos ao funcionamento dos servi\u00e7os p\u00fablicos.<\/p>\n<p>Conforme o decreto, a Prefeitura Municipal de Ponto Novo considera que o gestor anterior n\u00e3o cumpriu os procedimentos legais e administrativos referentes \u00e0 presta\u00e7\u00e3o de informa\u00e7\u00f5es e fornecimento de documentos necess\u00e1rios \u00e0 continuidade administrativa, prejudicando, inclusive, a continuidade dos servi\u00e7os essenciais.<\/p>\n<p>Outro fato abordado pelo decreto, \u00e9 a n\u00e3o transi\u00e7\u00e3o de informa\u00e7\u00f5es referente \u00e0 administra\u00e7\u00e3o, que impede a atual gest\u00e3o de conhecer a real situa\u00e7\u00e3o do munic\u00edpio, inclusive no que se refere aos prestadores de servi\u00e7os.<\/p>\n<p>A\u00a0atual gest\u00e3o n\u00e3o recebeu do governo anterior qualquer informa\u00e7\u00e3o sobre a execu\u00e7\u00e3o do servi\u00e7o de limpeza p\u00fablica, encontrando a cidade sem coleta de lixo. Segundo informa\u00e7\u00f5es da nova equipe, o processo de licita\u00e7\u00e3o TP-005\/2014, que originou a contrata\u00e7\u00e3o de uma empresa para prestar o servi\u00e7o no munic\u00edpio, foi feito de forma ilegal.<\/p>\n<p>No setor da sa\u00fade, o Hospital Nossa Senhora de F\u00e1tima e diversos postos de sa\u00fade est\u00e3o sem profissionais e sem medicamentos, n\u00e3o tendo a atual gest\u00e3o recebida qualquer informa\u00e7\u00e3o sobre os contratos em vigor.<\/p>\n<p>A gest\u00e3o atual tamb\u00e9m afirma no decreto que n\u00e3o recebeu nenhuma informa\u00e7\u00e3o da gest\u00e3o anterior sobre o invent\u00e1rio de bens do munic\u00edpio, inclusive dos ve\u00edculos e m\u00e1quinas, encontrando-se os poucos j\u00e1 identificados em prec\u00e1rias condi\u00e7\u00f5es, sem pe\u00e7as e combust\u00edvel.\u00a0Tamb\u00e9m n\u00e3o foi localizada nenhuma informa\u00e7\u00e3o documental nos anais da prefeitura.<\/p>\n<p>A sede da prefeitura tamb\u00e9m foi recebida sem nenhuma condi\u00e7\u00e3o necess\u00e1ria para o funcionamento normal, diante da falta de equipamentos aptos para uso, especialmente computadores que tiveram seus HD\u2019s retirados das m\u00e1quinas e alguns substitu\u00eddos por HD\u2019s queimados, o que impede a busca de informa\u00e7\u00f5es importantes e indispens\u00e1veis para o funcionamento da administra\u00e7\u00e3o.<\/p>\n<p>Com isso, a emiss\u00e3o do decreto tem por objetivo adequar as atividades administrativas do Poder Executivo e a continuidade dos Servi\u00e7os P\u00fablicos, ficando assim, a administra\u00e7\u00e3o autorizada a realizar contrata\u00e7\u00f5es emergenciais de empresa de transporte, contrata\u00e7\u00e3o de pessoal do quadro de sa\u00fade, de empresa para realizar a limpeza p\u00fablica, bem como, adquirir materiais necess\u00e1rios \u00e0 execu\u00e7\u00e3o dos atos administrativos, pelo prazo de at\u00e9 30 dias, renov\u00e1vel uma \u00fanica vez por igual per\u00edodo, caso a situa\u00e7\u00e3o n\u00e3o tenha sido normalizada.<\/p>\n<p>Tamb\u00e9m foram suspensos contratos, pagamentos de cheques com data anterior \u00e0 posse, empenhos, contratos e conv\u00eanios, acordos judiciais e\/ou extrajudiciais, expedidos ou firmados em exerc\u00edcios anteriores e por gestores anteriores, at\u00e9 que seja feita an\u00e1lise pelos setores respons\u00e1veis, inclusive a Assessoria Jur\u00eddica Municipal e Assessoria Especial, excetuando-se a folha de pagamento e encargos sociais, como INSS, FGTS, Imposto de Renda e PIS\/PASEP.<\/p>\n<p><em>*Por ASCOM \u2013 Prefeitura Municipal de Ponto Novo<\/em><\/p>\n","protected":false},"excerpt":{"rendered":"<p>O prefeito de Ponto Novo, Tiago Ven\u00e2ncio, decretou situa\u00e7\u00e3o de emerg\u00eancia administrativa por um per\u00edodo de 60 dias.\u00a0O Decreto N\u00ba 020\/2017, publicado nesta quinta-feira (05), declara situa\u00e7\u00e3o de emerg\u00eancia no munic\u00edpio de Ponto Novo, atingido por anormalidades administrativas, visto que a gest\u00e3o anterior n\u00e3o cumpriu o que\u00a0determina a Resolu\u00e7\u00e3o 1.311\/2012 \u2013 TCM\/BA, causando preju\u00edzos ao [&hellip;]<\/p>\n","protected":false},"author":2,"featured_media":0,"comment_status":"open","ping_status":"open","sticky":false,"template":"","format":"standard","meta":{"_acf_changed":false,"_monsterinsights_skip_tracking":false,"_monsterinsights_sitenote_active":false,"_monsterinsights_sitenote_note":"","_monsterinsights_sitenote_category":0,"_jetpack_memberships_contains_paid_content":false,"footnotes":"","jetpack_publicize_message":"","jetpack_publicize_feature_enabled":true,"jetpack_social_post_already_shared":true,"jetpack_social_options":{"image_generator_settings":{"template":"highway","default_image_id":0,"font":"","enabled":false},"version":2}},"categories":[1,3,11],"tags":[],"class_list":["post-14545","post","type-post","status-publish","format-standard","hentry","category-noticias","category-politica","category-regional"],"acf":[],"jetpack_publicize_connections":[],"jetpack_featured_media_url":"","jetpack_sharing_enabled":true,"publishpress_future_workflow_manual_trigger":{"enabledWorkflows":[]},"_links":{"self":[{"href":"https:\/\/blogdoeloiltoncajuhy.com.br\/site\/wp-json\/wp\/v2\/posts\/14545","targetHints":{"allow":["GET"]}}],"collection":[{"href":"https:\/\/blogdoeloiltoncajuhy.com.br\/site\/wp-json\/wp\/v2\/posts"}],"about":[{"href":"https:\/\/blogdoeloiltoncajuhy.com.br\/site\/wp-json\/wp\/v2\/types\/post"}],"author":[{"embeddable":true,"href":"https:\/\/blogdoeloiltoncajuhy.com.br\/site\/wp-json\/wp\/v2\/users\/2"}],"replies":[{"embeddable":true,"href":"https:\/\/blogdoeloiltoncajuhy.com.br\/site\/wp-json\/wp\/v2\/comments?post=14545"}],"version-history":[{"count":1,"href":"https:\/\/blogdoeloiltoncajuhy.com.br\/site\/wp-json\/wp\/v2\/posts\/14545\/revisions"}],"predecessor-version":[{"id":14546,"href":"https:\/\/blogdoeloiltoncajuhy.com.br\/site\/wp-json\/wp\/v2\/posts\/14545\/revisions\/14546"}],"wp:attachment":[{"href":"https:\/\/blogdoeloiltoncajuhy.com.br\/site\/wp-json\/wp\/v2\/media?parent=14545"}],"wp:term":[{"taxonomy":"category","embeddable":true,"href":"https:\/\/blogdoeloiltoncajuhy.com.br\/site\/wp-json\/wp\/v2\/categories?post=14545"},{"taxonomy":"post_tag","embeddable":true,"href":"https:\/\/blogdoeloiltoncajuhy.com.br\/site\/wp-json\/wp\/v2\/tags?post=14545"}],"curies":[{"name":"wp","href":"https:\/\/api.w.org\/{rel}","templated":true}]}}