{"id":14539,"date":"2017-01-05T12:34:53","date_gmt":"2017-01-05T15:34:53","guid":{"rendered":"http:\/\/blogdoeloiltoncajuhy.com.br\/site\/?p=14539"},"modified":"2017-01-05T12:34:53","modified_gmt":"2017-01-05T15:34:53","slug":"bonfim-prefeitura-restabelece-sinais-das-tvs-sbt-band-bahia-e-tve","status":"publish","type":"post","link":"https:\/\/blogdoeloiltoncajuhy.com.br\/site\/bonfim-prefeitura-restabelece-sinais-das-tvs-sbt-band-bahia-e-tve\/","title":{"rendered":"BONFIM: Prefeitura restabelece sinais das TVs SBT, Band Bahia e TVE"},"content":{"rendered":"<p><a href=\"https:\/\/i0.wp.com\/blogdoeloiltoncajuhy.com.br\/site\/wp-content\/uploads\/2017\/01\/sinal-tv-e1483630462806.jpg\"><img data-recalc-dims=\"1\" fetchpriority=\"high\" decoding=\"async\" class=\"wp-image-14540 size-medium alignright\" src=\"https:\/\/i0.wp.com\/blogdoeloiltoncajuhy.com.br\/site\/wp-content\/uploads\/2017\/01\/sinal-tv.jpg?resize=300%2C225\" width=\"300\" height=\"225\" \/><\/a>A TV Aratu, afiliada do SBT, Band Bahia e TV Educativa j\u00e1 est\u00e3o com sinal restabelecido na cidade de Senhor do Bonfim. H\u00e1 muito tempo, por falta de manuten\u00e7\u00e3o, as repetidoras de televis\u00e3o n\u00e3o funcionavam.<\/p>\n<p>Segundo a\u00a0Assessoria de Comunica\u00e7\u00e3o da Prefeitura, a Rede Vida ser\u00e1 o pr\u00f3ximo canal a ter o sinal restabelecido.<\/p>\n<p>A Assessoria\u00a0de Comunica\u00e7\u00e3o informa, no caso dos canais anal\u00f3gicos, que \u00e9 necess\u00e1ria uma antena externa para captar o sinal com melhor qualidade. Com os canais restabelecidos, a popula\u00e7\u00e3o de Senhor do Bonfim agora conta com as seguintes emissoras em sinal aberto.<\/p>\n<p><strong>SBT &#8211;<\/strong> canal 13<br \/>\n<strong>Record Bahia &#8211;<\/strong> canal 08<br \/>\n<strong>TV Educativa &#8211;<\/strong> canal 06<br \/>\n<strong>TV S\u00e3o Francisco &#8211;<\/strong> canal 11<br \/>\n<strong>Rede Novo Tempo<\/strong> &#8211; canal 18<br \/>\n<strong>Band Bahia &#8211;<\/strong> canal 04<br \/>\n<strong>RIT TV &#8211;<\/strong> Canal 49<br \/>\n<strong>Rede Vida &#8211;<\/strong> canal 15 (em breve).<\/p>\n<p><em>*Ascom Prefeitura Municipal de Senhor do Bonfim<\/em><\/p>\n","protected":false},"excerpt":{"rendered":"<p>A TV Aratu, afiliada do SBT, Band Bahia e TV Educativa j\u00e1 est\u00e3o com sinal restabelecido na cidade de Senhor do Bonfim. H\u00e1 muito tempo, por falta de manuten\u00e7\u00e3o, as repetidoras de televis\u00e3o n\u00e3o funcionavam. Segundo a\u00a0Assessoria de Comunica\u00e7\u00e3o da Prefeitura, a Rede Vida ser\u00e1 o pr\u00f3ximo canal a ter o sinal restabelecido. A Assessoria\u00a0de [&hellip;]<\/p>\n","protected":false},"author":2,"featured_media":14540,"comment_status":"open","ping_status":"open","sticky":false,"template":"","format":"standard","meta":{"_acf_changed":false,"_monsterinsights_skip_tracking":false,"_monsterinsights_sitenote_active":false,"_monsterinsights_sitenote_note":"","_monsterinsights_sitenote_category":0,"_jetpack_memberships_contains_paid_content":false,"footnotes":"","jetpack_publicize_message":"","jetpack_publicize_feature_enabled":true,"jetpack_social_post_already_shared":true,"jetpack_social_options":{"image_generator_settings":{"template":"highway","default_image_id":0,"font":"","enabled":false},"version":2}},"categories":[1,4],"tags":[],"class_list":["post-14539","post","type-post","status-publish","format-standard","has-post-thumbnail","hentry","category-noticias","category-local"],"acf":[],"jetpack_publicize_connections":[],"jetpack_featured_media_url":"https:\/\/i0.wp.com\/blogdoeloiltoncajuhy.com.br\/site\/wp-content\/uploads\/2017\/01\/sinal-tv-e1483630462806.jpg?fit=600%2C450&ssl=1","jetpack_sharing_enabled":true,"publishpress_future_workflow_manual_trigger":{"enabledWorkflows":[]},"_links":{"self":[{"href":"https:\/\/blogdoeloiltoncajuhy.com.br\/site\/wp-json\/wp\/v2\/posts\/14539","targetHints":{"allow":["GET"]}}],"collection":[{"href":"https:\/\/blogdoeloiltoncajuhy.com.br\/site\/wp-json\/wp\/v2\/posts"}],"about":[{"href":"https:\/\/blogdoeloiltoncajuhy.com.br\/site\/wp-json\/wp\/v2\/types\/post"}],"author":[{"embeddable":true,"href":"https:\/\/blogdoeloiltoncajuhy.com.br\/site\/wp-json\/wp\/v2\/users\/2"}],"replies":[{"embeddable":true,"href":"https:\/\/blogdoeloiltoncajuhy.com.br\/site\/wp-json\/wp\/v2\/comments?post=14539"}],"version-history":[{"count":1,"href":"https:\/\/blogdoeloiltoncajuhy.com.br\/site\/wp-json\/wp\/v2\/posts\/14539\/revisions"}],"predecessor-version":[{"id":14541,"href":"https:\/\/blogdoeloiltoncajuhy.com.br\/site\/wp-json\/wp\/v2\/posts\/14539\/revisions\/14541"}],"wp:featuredmedia":[{"embeddable":true,"href":"https:\/\/blogdoeloiltoncajuhy.com.br\/site\/wp-json\/wp\/v2\/media\/14540"}],"wp:attachment":[{"href":"https:\/\/blogdoeloiltoncajuhy.com.br\/site\/wp-json\/wp\/v2\/media?parent=14539"}],"wp:term":[{"taxonomy":"category","embeddable":true,"href":"https:\/\/blogdoeloiltoncajuhy.com.br\/site\/wp-json\/wp\/v2\/categories?post=14539"},{"taxonomy":"post_tag","embeddable":true,"href":"https:\/\/blogdoeloiltoncajuhy.com.br\/site\/wp-json\/wp\/v2\/tags?post=14539"}],"curies":[{"name":"wp","href":"https:\/\/api.w.org\/{rel}","templated":true}]}}