{"id":14528,"date":"2017-01-05T09:48:46","date_gmt":"2017-01-05T12:48:46","guid":{"rendered":"http:\/\/blogdoeloiltoncajuhy.com.br\/site\/?p=14528"},"modified":"2017-01-05T09:48:46","modified_gmt":"2017-01-05T12:48:46","slug":"confianca-dos-micro-e-pequenos-empresarios-na-economia-avanca-em-2016-mas-encerra-dezembro-com-pessimismo-indica-spc-brasil-e-cndl","status":"publish","type":"post","link":"https:\/\/blogdoeloiltoncajuhy.com.br\/site\/confianca-dos-micro-e-pequenos-empresarios-na-economia-avanca-em-2016-mas-encerra-dezembro-com-pessimismo-indica-spc-brasil-e-cndl\/","title":{"rendered":"Confian\u00e7a dos micro e pequenos empres\u00e1rios na economia avan\u00e7a em 2016, mas encerra dezembro com pessimismo, indica SPC Brasil e CNDL"},"content":{"rendered":"<p style=\"text-align: center;\"><em><strong>Depois de dois meses de melhora na confian\u00e7a, indicador apresenta n\u00edvel abaixo de 50 pontos, refletindo o pessimismo com a economia. 64% est\u00e3o confiantes em rela\u00e7\u00e3o a seus neg\u00f3cios para os pr\u00f3ximos meses<\/strong><\/em><\/p>\n<p><a href=\"https:\/\/i0.wp.com\/blogdoeloiltoncajuhy.com.br\/site\/wp-content\/uploads\/2016\/09\/economia3.jpg\"><img data-recalc-dims=\"1\" fetchpriority=\"high\" decoding=\"async\" class=\"aligncenter size-full wp-image-12165\" src=\"https:\/\/i0.wp.com\/blogdoeloiltoncajuhy.com.br\/site\/wp-content\/uploads\/2016\/09\/economia3.jpg?resize=500%2C275\" alt=\"\" width=\"500\" height=\"275\" srcset=\"https:\/\/i0.wp.com\/blogdoeloiltoncajuhy.com.br\/site\/wp-content\/uploads\/2016\/09\/economia3.jpg?w=500&amp;ssl=1 500w, https:\/\/i0.wp.com\/blogdoeloiltoncajuhy.com.br\/site\/wp-content\/uploads\/2016\/09\/economia3.jpg?resize=300%2C165&amp;ssl=1 300w, https:\/\/i0.wp.com\/blogdoeloiltoncajuhy.com.br\/site\/wp-content\/uploads\/2016\/09\/economia3.jpg?resize=250%2C138&amp;ssl=1 250w\" sizes=\"(max-width: 500px) 100vw, 500px\" \/><\/a>Depois de dois meses seguidos acima de 50,0 pontos, demostrando maior confian\u00e7a na economia, o Indicador de Confian\u00e7a dos micro e pequenos empres\u00e1rios de varejo e servi\u00e7os (MPEs) calculado pelo Servi\u00e7o de Prote\u00e7\u00e3o ao Cr\u00e9dito (SPC Brasil) e pela Confedera\u00e7\u00e3o Nacional de Dirigentes Lojistas (CNDL) voltou a recuar. <strong>Na compara\u00e7\u00e3o entre novembro e dezembro deste ano, o indicador passou de 50,2 pontos para 48,9 pontos<\/strong>, em uma escala que varia de zero a 100. Quanto mais pr\u00f3ximo de 100, mais otimistas est\u00e3o os empres\u00e1rios e quanto mais pr\u00f3ximo de zero, menos confiantes eles est\u00e3o. Na varia\u00e7\u00e3o anual com dezembro do ano passado, o dado saltou de 40,0 pontos para os atuais 48,9 pontos.<\/p>\n<p>Para o presidente da CNDL, Hon\u00f3rio Pinheiro, a confian\u00e7a dos empres\u00e1rios \u00e9 um indicador muito importante a ser analisado no momento atual, por ser um componente essencial para a retomada econ\u00f4mica. \u201cA confian\u00e7a ainda est\u00e1 longe de ser satisfat\u00f3ria e parece n\u00e3o encorajar o investimento, como apontam outros indicadores. \u00c9 ela que pode induzir o investimento por parte das empresas, gerando empregos e estimulando o consumo, hoje em baixa por causa da recess\u00e3o. No entanto, a consolida\u00e7\u00e3o da melhora da confian\u00e7a dos empres\u00e1rios depende de cen\u00e1rios que ainda s\u00e3o fontes de incertezas: novas instabilidades pol\u00edticas, avan\u00e7o das reformas debatidas no Congresso e um ambiente externo favor\u00e1vel\u201d, avalia Pinheiro.<\/p>\n<p>O Indicador de Confian\u00e7a do SPC Brasil e da CNDL \u00e9 baseado nas avalia\u00e7\u00f5es dos micro e pequenos empres\u00e1rios sobre as condi\u00e7\u00f5es gerais da economia brasileira e tamb\u00e9m sobre o ambiente de neg\u00f3cios, al\u00e9m das expectativas para os pr\u00f3ximos seis meses tanto para a economia quanto para suas empresas.<br \/>\n<strong>Para 66% dos MPEs economia piorou nos \u00faltimos meses<\/strong><\/p>\n<p>O subindicador de Condi\u00e7\u00f5es Gerais teve um leve avan\u00e7o em dezembro ante o m\u00eas anterior, passando de 30,8 pontos para 32,8, mas permaneceu abaixo do n\u00edvel neutro de 50 pontos. Na compara\u00e7\u00e3o anual, entre dezembro e o mesmo m\u00eas de 2015, <strong>o indicador saltou de 26,3 pontos para 32,8 pontos<\/strong> na escala.<\/p>\n<p>A avalia\u00e7\u00e3o da economia \u00e9 o pior de todos os componentes que integram o Indicador. Em termos percentuais, 66,2% dos micro e pequenos empres\u00e1rios acreditam que a situa\u00e7\u00e3o da economia piorou nos \u00faltimos tr\u00eas meses e 53,9% consideram que a situa\u00e7\u00e3o do seu pr\u00f3prio neg\u00f3cio passou a enfrentar dificuldades neste mesmo per\u00edodo considerado, sendo o principal motivo mencionado a queda das vendas devido a crise econ\u00f4mica (69,8%).<\/p>\n<p>\u201cA melhora do desempenho da economia dever\u00e1 ser gradual. Se confirmada a continuidade do processo de queda das taxas de juros, o recuo da infla\u00e7\u00e3o e o avan\u00e7o de medidas importantes no Congresso, a confian\u00e7a dos empres\u00e1rios pode aumentar e engajar o investimento, abrindo um novo ciclo de crescimento positivo da economia\u201d, afirma Pinheiro.<\/p>\n<p>Mesmo diante de um retrospecto ruim, tanto da economia quanto dos neg\u00f3cios, as expectativas para o futuro apontam para uma melhora. Em dezembro, o subindicador de Expectativas alcan\u00e7ou 60,9 pontos,acima do resultado observado no mesmo m\u00eas do ano anterior, quando registrara 50,3 pontos, mas um pouco inferior a novembro, quando marcou 64,8 pontos.<\/p>\n<p>Em termos percentuais, 63,9% dos micro e pequenos empres\u00e1rios se dizem confiantes no desempenho de seu neg\u00f3cio nos pr\u00f3ximos seis meses e 46,5% manifestam confian\u00e7a no desempenho da economia. Entre aqueles que manifestam otimismo com a economia, a maior parte, contudo, n\u00e3o sabe explicar suas raz\u00f5es (38,4%). H\u00e1 tamb\u00e9m os que mencionam os sinais de melhora de alguns indicadores econ\u00f4micos (25,8%), que dizem que o Brasil tem um amplo mercado consumidor (14,8%) e os que acreditam a crise pol\u00edtica ser\u00e1 resolvida (14,5%). Dentre os 21,9% que manifestam pessimismo com a situa\u00e7\u00e3o econ\u00f4mica do pa\u00eds, as incertezas pol\u00edticas s\u00e3o a raz\u00e3o mais citada para a falta de confian\u00e7a (30,3%).<\/p>\n<p>J\u00e1 entre os que manifestam otimismo com o pr\u00f3prio neg\u00f3cio, novamente uma parcela expressiva (28,7%) n\u00e3o sabe explicar a raz\u00e3o de seu otimismo. Destacam-se tamb\u00e9m os 22,5% que dizem estar fazendo uma boa gest\u00e3o do pr\u00f3prio neg\u00f3cio. \u201cOs entrevistados t\u00eam controle de sua empresa, mas n\u00e3o podem controlar a economia. Assim, diante da adversidade, o empresariado tende a acreditar que pode promover ajustes para atenuar o impacto da crise\u201d, afirma o presidente do SPC Brasil, Roque Pellizzaro.<\/p>\n<p>A maioria relativa dos micro e pequenos empres\u00e1rios sondados (43,6%) acredita que o faturamento de suas empresas ir\u00e1 crescer nos pr\u00f3ximos seis meses &#8211; j\u00e1 41,6% n\u00e3o v\u00ea perspectivas de crescimento pelos pr\u00f3ximos seis meses e apenas 10,4% projetam queda nas receitas durante esse intervalo.<br \/>\n<strong>Metodologia<\/strong><\/p>\n<p>O Indicador e suas aberturas mostram que houve melhora quando os pontos estiverem acima do n\u00edvel neutro de 50 pontos. Quando o indicador vier abaixo de 50, indica que houve percep\u00e7\u00e3o de piora por parte dos empres\u00e1rios. A escala do indicador varia de zero a 100. Zero indica a situa\u00e7\u00e3o limite em que todos os entrevistados consideram que as condi\u00e7\u00f5es gerais da economia e dos neg\u00f3cios \u201cpioraram muito\u201d; 100 indica a situa\u00e7\u00e3o limite em que todos os entrevistados consideram que as condi\u00e7\u00f5es gerais \u201cmelhoraram muito\u201d.<\/p>\n<p><em>*SPC Brasil | CNDL<\/em><\/p>\n","protected":false},"excerpt":{"rendered":"<p>Depois de dois meses de melhora na confian\u00e7a, indicador apresenta n\u00edvel abaixo de 50 pontos, refletindo o pessimismo com a economia. 64% est\u00e3o confiantes em rela\u00e7\u00e3o a seus neg\u00f3cios para os pr\u00f3ximos meses Depois de dois meses seguidos acima de 50,0 pontos, demostrando maior confian\u00e7a na economia, o Indicador de Confian\u00e7a dos micro e pequenos [&hellip;]<\/p>\n","protected":false},"author":2,"featured_media":0,"comment_status":"open","ping_status":"open","sticky":false,"template":"","format":"standard","meta":{"_acf_changed":false,"_monsterinsights_skip_tracking":false,"_monsterinsights_sitenote_active":false,"_monsterinsights_sitenote_note":"","_monsterinsights_sitenote_category":0,"_jetpack_memberships_contains_paid_content":false,"footnotes":"","jetpack_publicize_message":"","jetpack_publicize_feature_enabled":true,"jetpack_social_post_already_shared":true,"jetpack_social_options":{"image_generator_settings":{"template":"highway","default_image_id":0,"font":"","enabled":false},"version":2}},"categories":[5,1],"tags":[],"class_list":["post-14528","post","type-post","status-publish","format-standard","hentry","category-cotidiano","category-noticias"],"acf":[],"jetpack_publicize_connections":[],"jetpack_featured_media_url":"","jetpack_sharing_enabled":true,"publishpress_future_workflow_manual_trigger":{"enabledWorkflows":[]},"_links":{"self":[{"href":"https:\/\/blogdoeloiltoncajuhy.com.br\/site\/wp-json\/wp\/v2\/posts\/14528","targetHints":{"allow":["GET"]}}],"collection":[{"href":"https:\/\/blogdoeloiltoncajuhy.com.br\/site\/wp-json\/wp\/v2\/posts"}],"about":[{"href":"https:\/\/blogdoeloiltoncajuhy.com.br\/site\/wp-json\/wp\/v2\/types\/post"}],"author":[{"embeddable":true,"href":"https:\/\/blogdoeloiltoncajuhy.com.br\/site\/wp-json\/wp\/v2\/users\/2"}],"replies":[{"embeddable":true,"href":"https:\/\/blogdoeloiltoncajuhy.com.br\/site\/wp-json\/wp\/v2\/comments?post=14528"}],"version-history":[{"count":1,"href":"https:\/\/blogdoeloiltoncajuhy.com.br\/site\/wp-json\/wp\/v2\/posts\/14528\/revisions"}],"predecessor-version":[{"id":14529,"href":"https:\/\/blogdoeloiltoncajuhy.com.br\/site\/wp-json\/wp\/v2\/posts\/14528\/revisions\/14529"}],"wp:attachment":[{"href":"https:\/\/blogdoeloiltoncajuhy.com.br\/site\/wp-json\/wp\/v2\/media?parent=14528"}],"wp:term":[{"taxonomy":"category","embeddable":true,"href":"https:\/\/blogdoeloiltoncajuhy.com.br\/site\/wp-json\/wp\/v2\/categories?post=14528"},{"taxonomy":"post_tag","embeddable":true,"href":"https:\/\/blogdoeloiltoncajuhy.com.br\/site\/wp-json\/wp\/v2\/tags?post=14528"}],"curies":[{"name":"wp","href":"https:\/\/api.w.org\/{rel}","templated":true}]}}