{"id":14522,"date":"2017-01-04T19:48:33","date_gmt":"2017-01-04T22:48:33","guid":{"rendered":"http:\/\/blogdoeloiltoncajuhy.com.br\/site\/?p=14522"},"modified":"2017-01-04T19:49:27","modified_gmt":"2017-01-04T22:49:27","slug":"comece-a-quinta-feira-meditando-segue-me-jo-143-51","status":"publish","type":"post","link":"https:\/\/blogdoeloiltoncajuhy.com.br\/site\/comece-a-quinta-feira-meditando-segue-me-jo-143-51\/","title":{"rendered":"COMECE A QUINTA-FEIRA MEDITANDO: \u201cSegue-me\u201d &#8211; Jo 1,43-51"},"content":{"rendered":"<p><a href=\"https:\/\/i0.wp.com\/blogdoeloiltoncajuhy.com.br\/site\/wp-content\/uploads\/2015\/10\/liturgia_diaria.jpg\"><img data-recalc-dims=\"1\" fetchpriority=\"high\" decoding=\"async\" class=\"wp-image-4757 size-medium alignright\" src=\"https:\/\/i0.wp.com\/blogdoeloiltoncajuhy.com.br\/site\/wp-content\/uploads\/2015\/10\/liturgia_diaria.jpg?resize=300%2C227\" width=\"300\" height=\"227\" srcset=\"https:\/\/i0.wp.com\/blogdoeloiltoncajuhy.com.br\/site\/wp-content\/uploads\/2015\/10\/liturgia_diaria.jpg?resize=300%2C227&amp;ssl=1 300w, https:\/\/i0.wp.com\/blogdoeloiltoncajuhy.com.br\/site\/wp-content\/uploads\/2015\/10\/liturgia_diaria.jpg?resize=250%2C189&amp;ssl=1 250w, https:\/\/i0.wp.com\/blogdoeloiltoncajuhy.com.br\/site\/wp-content\/uploads\/2015\/10\/liturgia_diaria.jpg?w=449&amp;ssl=1 449w\" sizes=\"(max-width: 300px) 100vw, 300px\" \/><\/a>Naquele tempo, Jesus decidiu partir para a Galileia. Encontrou Filipe e disse: \u201cSegue-me\u201d. Filipe era de Betsaida, cidade de Andr\u00e9 e de Pedro. Filipe encontrou-se com Natanael e lhe disse: \u201cEncontramos aquele de quem Mois\u00e9s escreveu na Lei, e tamb\u00e9m os profetas: Jesus de Nazar\u00e9, o filho de Jos\u00e9\u201d.<\/p>\n<p>Natanael disse: \u201cDe Nazar\u00e9 pode sair coisa boa?\u201d Filipe respondeu: \u201cVem ver!\u201d Jesus viu Natanael que vinha para ele e comentou: \u201cA\u00ed vem um israelita de verdade, um homem sem falsidade\u201d. Natanael perguntou: \u201cDe onde me conheces?\u201d Jesus respondeu: \u201cAntes que Filipe te chamasse, enquanto estavas debaixo da figueira, eu te vi\u201d.<\/p>\n<p>Natanael respondeu: \u201cRabi, tu \u00e9s o Filho de Deus, tu \u00e9s o Rei de Israel\u201d. Jesus disse: \u201cTu cr\u00eas porque te disse: Eu te vi debaixo da figueira? Coisas maiores que esta ver\u00e1s!\u201d E Jesus continuou: \u201cEm verdade, em verdade, eu vos digo: Vereis o c\u00e9u aberto e os anjos de Deus subindo e descendo sobre o Filho do Homem\u201d.<\/p>\n<p><em>*Can\u00e7\u00e3o Nova<\/em><\/p>\n","protected":false},"excerpt":{"rendered":"<p>Naquele tempo, Jesus decidiu partir para a Galileia. Encontrou Filipe e disse: \u201cSegue-me\u201d. Filipe era de Betsaida, cidade de Andr\u00e9 e de Pedro. Filipe encontrou-se com Natanael e lhe disse: \u201cEncontramos aquele de quem Mois\u00e9s escreveu na Lei, e tamb\u00e9m os profetas: Jesus de Nazar\u00e9, o filho de Jos\u00e9\u201d. Natanael disse: \u201cDe Nazar\u00e9 pode sair [&hellip;]<\/p>\n","protected":false},"author":2,"featured_media":0,"comment_status":"open","ping_status":"open","sticky":false,"template":"","format":"standard","meta":{"_acf_changed":false,"_monsterinsights_skip_tracking":false,"_monsterinsights_sitenote_active":false,"_monsterinsights_sitenote_note":"","_monsterinsights_sitenote_category":0,"_jetpack_memberships_contains_paid_content":false,"footnotes":"","jetpack_publicize_message":"","jetpack_publicize_feature_enabled":true,"jetpack_social_post_already_shared":true,"jetpack_social_options":{"image_generator_settings":{"template":"highway","default_image_id":0,"font":"","enabled":false},"version":2}},"categories":[1,9],"tags":[],"class_list":["post-14522","post","type-post","status-publish","format-standard","hentry","category-noticias","category-reflexao"],"acf":[],"jetpack_publicize_connections":[],"jetpack_featured_media_url":"","jetpack_sharing_enabled":true,"publishpress_future_workflow_manual_trigger":{"enabledWorkflows":[]},"_links":{"self":[{"href":"https:\/\/blogdoeloiltoncajuhy.com.br\/site\/wp-json\/wp\/v2\/posts\/14522","targetHints":{"allow":["GET"]}}],"collection":[{"href":"https:\/\/blogdoeloiltoncajuhy.com.br\/site\/wp-json\/wp\/v2\/posts"}],"about":[{"href":"https:\/\/blogdoeloiltoncajuhy.com.br\/site\/wp-json\/wp\/v2\/types\/post"}],"author":[{"embeddable":true,"href":"https:\/\/blogdoeloiltoncajuhy.com.br\/site\/wp-json\/wp\/v2\/users\/2"}],"replies":[{"embeddable":true,"href":"https:\/\/blogdoeloiltoncajuhy.com.br\/site\/wp-json\/wp\/v2\/comments?post=14522"}],"version-history":[{"count":2,"href":"https:\/\/blogdoeloiltoncajuhy.com.br\/site\/wp-json\/wp\/v2\/posts\/14522\/revisions"}],"predecessor-version":[{"id":14524,"href":"https:\/\/blogdoeloiltoncajuhy.com.br\/site\/wp-json\/wp\/v2\/posts\/14522\/revisions\/14524"}],"wp:attachment":[{"href":"https:\/\/blogdoeloiltoncajuhy.com.br\/site\/wp-json\/wp\/v2\/media?parent=14522"}],"wp:term":[{"taxonomy":"category","embeddable":true,"href":"https:\/\/blogdoeloiltoncajuhy.com.br\/site\/wp-json\/wp\/v2\/categories?post=14522"},{"taxonomy":"post_tag","embeddable":true,"href":"https:\/\/blogdoeloiltoncajuhy.com.br\/site\/wp-json\/wp\/v2\/tags?post=14522"}],"curies":[{"name":"wp","href":"https:\/\/api.w.org\/{rel}","templated":true}]}}