{"id":14519,"date":"2017-01-04T19:22:17","date_gmt":"2017-01-04T22:22:17","guid":{"rendered":"http:\/\/blogdoeloiltoncajuhy.com.br\/site\/?p=14519"},"modified":"2017-01-04T19:22:17","modified_gmt":"2017-01-04T22:22:17","slug":"ponto-novo-prefeitura-fara-recadastramento-de-servidores","status":"publish","type":"post","link":"https:\/\/blogdoeloiltoncajuhy.com.br\/site\/ponto-novo-prefeitura-fara-recadastramento-de-servidores\/","title":{"rendered":"PONTO NOVO: Prefeitura far\u00e1 recadastramento de servidores"},"content":{"rendered":"<p><a href=\"https:\/\/i0.wp.com\/blogdoeloiltoncajuhy.com.br\/site\/wp-content\/uploads\/2017\/01\/PN_recadastramento-e1483568514618.png\"><img data-recalc-dims=\"1\" decoding=\"async\" class=\"wp-image-14520 size-medium alignleft\" src=\"https:\/\/i0.wp.com\/blogdoeloiltoncajuhy.com.br\/site\/wp-content\/uploads\/2017\/01\/PN_recadastramento.png?resize=300%2C160\" width=\"300\" height=\"160\" \/><\/a>A Prefeitura Municipal de Ponto Novo, atrav\u00e9s do Decreto N\u00ba 017\/2017 de 03 de janeiro de 2017, est\u00e1 convocando servidores p\u00fablicos do Poder Executivo Municipal para o recadastramento de pessoal.<\/p>\n<p>A finalidade do decreto \u00e9 obter informa\u00e7\u00f5es cadastrais consistentes para permitir o adequado planejamento da despesa total com pessoal, segundo os limites estabelecidos pela Lei de Responsabilidade Fiscal, como tamb\u00e9m, a necessidade de se identificar eventual desvio de fun\u00e7\u00e3o por parte dos servidores nomeados em virtude de concurso p\u00fablico e que ocupam cargos para os quais n\u00e3o foram efetivamente nomeados.<\/p>\n<p>O recadastramento dos servidores iniciar\u00e1 nesta quinta-feira, dia 05, e se estender\u00e1 at\u00e9 o dia 27 de janeiro, conforme o seguinte cronograma:<\/p>\n<p><strong>. Funcion\u00e1rios lotados na Secretaria Municipal de Administra\u00e7\u00e3o:<\/strong>\u00a0de 05 a 09 de janeiro;<br \/>\n<strong>. Funcion\u00e1rios lotados na Secretaria Municipal de Sa\u00fade:<\/strong>\u00a0de 10 a 13 de janeiro;<br \/>\n<strong>. Funcion\u00e1rios lotados na Secretaria Municipal de Educa\u00e7\u00e3o:<\/strong>\u00a0de 16 a 20 de janeiro;<br \/>\n<strong>. Funcion\u00e1rios lotados na Secretaria Municipal de Infraestrutura, Meio Ambiente, Agricultura e Assist\u00eancia Social:<\/strong>\u00a0de 23 a 27 de janeiro.<\/p>\n<p>O servidor dever\u00e1 comparecer na Secretaria Municipal de Educa\u00e7\u00e3o, conforme datas mencionadas anteriormente, munido da c\u00f3pia dos seguintes documentos:<br \/>\n. 01 C\u00f3pia da Carteira de Identidade;<br \/>\n. 01 C\u00f3pia da Carteira Nacional de Habilita\u00e7\u00e3o (em caso de Motorista);<br \/>\n. 01 C\u00f3pia da Certid\u00e3o de Nascimento ou, se casado, Certid\u00e3o de Casamento ou Declara\u00e7\u00e3o de Uni\u00e3o Est\u00e1vel registrada em Cart\u00f3rio;<br \/>\n. 01 C\u00f3pia da Certid\u00e3o de Nascimento dos filhos (caso tenha);<br \/>\n. 01 C\u00f3pia do Comprovante de Escolaridade com hist\u00f3rico escolar (certificado e\/ou diploma);<br \/>\n. 01 C\u00f3pia de Portaria de Nomea\u00e7\u00e3o e Termo de Posse;<br \/>\n. 01 C\u00f3pia de Comprovante de Inscri\u00e7\u00e3o no Cadastro de Pessoas F\u00edsicas \u2013 CPF;<br \/>\n. 01 C\u00f3pia do Documento de Inscri\u00e7\u00e3o no PIS ou PASEP;<br \/>\n. 01 C\u00f3pia do T\u00edtulo Eleitoral;<br \/>\n. 01 C\u00f3pia do Comprovante de Endere\u00e7o Residencial;<br \/>\n. 01 C\u00f3pia da Carteira de Vacina\u00e7\u00e3o dos filhos menores de 07 anos (caso tenha);<br \/>\n. 01 C\u00f3pia do Comprovante de Frequ\u00eancia Escolar dos filhos entre 07 e 14 anos (caso tenha).<\/p>\n<p>Vale ressaltar que as c\u00f3pias da documenta\u00e7\u00e3o apresentada devem estar leg\u00edveis e com apresenta\u00e7\u00e3o tamb\u00e9m dos documentos originais.<\/p>\n<p>Os servidores que n\u00e3o realizarem o recadastramento institu\u00eddo no decreto ter\u00e3o o pagamento do seu sal\u00e1rio suspenso enquanto n\u00e3o regularizar a situa\u00e7\u00e3o cadastral.<\/p>\n<p><em>*ASCOM &#8211; Prefeitura Municipal de Ponto Novo<\/em><\/p>\n","protected":false},"excerpt":{"rendered":"<p>A Prefeitura Municipal de Ponto Novo, atrav\u00e9s do Decreto N\u00ba 017\/2017 de 03 de janeiro de 2017, est\u00e1 convocando servidores p\u00fablicos do Poder Executivo Municipal para o recadastramento de pessoal. A finalidade do decreto \u00e9 obter informa\u00e7\u00f5es cadastrais consistentes para permitir o adequado planejamento da despesa total com pessoal, segundo os limites estabelecidos pela Lei [&hellip;]<\/p>\n","protected":false},"author":2,"featured_media":14520,"comment_status":"open","ping_status":"open","sticky":false,"template":"","format":"standard","meta":{"_acf_changed":false,"_monsterinsights_skip_tracking":false,"_monsterinsights_sitenote_active":false,"_monsterinsights_sitenote_note":"","_monsterinsights_sitenote_category":0,"_jetpack_memberships_contains_paid_content":false,"footnotes":"","jetpack_publicize_message":"","jetpack_publicize_feature_enabled":true,"jetpack_social_post_already_shared":true,"jetpack_social_options":{"image_generator_settings":{"template":"highway","default_image_id":0,"font":"","enabled":false},"version":2}},"categories":[1,3,11],"tags":[],"class_list":["post-14519","post","type-post","status-publish","format-standard","has-post-thumbnail","hentry","category-noticias","category-politica","category-regional"],"acf":[],"jetpack_publicize_connections":[],"jetpack_featured_media_url":"https:\/\/i0.wp.com\/blogdoeloiltoncajuhy.com.br\/site\/wp-content\/uploads\/2017\/01\/PN_recadastramento-e1483568514618.png?fit=600%2C320&ssl=1","jetpack_sharing_enabled":true,"publishpress_future_workflow_manual_trigger":{"enabledWorkflows":[]},"_links":{"self":[{"href":"https:\/\/blogdoeloiltoncajuhy.com.br\/site\/wp-json\/wp\/v2\/posts\/14519","targetHints":{"allow":["GET"]}}],"collection":[{"href":"https:\/\/blogdoeloiltoncajuhy.com.br\/site\/wp-json\/wp\/v2\/posts"}],"about":[{"href":"https:\/\/blogdoeloiltoncajuhy.com.br\/site\/wp-json\/wp\/v2\/types\/post"}],"author":[{"embeddable":true,"href":"https:\/\/blogdoeloiltoncajuhy.com.br\/site\/wp-json\/wp\/v2\/users\/2"}],"replies":[{"embeddable":true,"href":"https:\/\/blogdoeloiltoncajuhy.com.br\/site\/wp-json\/wp\/v2\/comments?post=14519"}],"version-history":[{"count":1,"href":"https:\/\/blogdoeloiltoncajuhy.com.br\/site\/wp-json\/wp\/v2\/posts\/14519\/revisions"}],"predecessor-version":[{"id":14521,"href":"https:\/\/blogdoeloiltoncajuhy.com.br\/site\/wp-json\/wp\/v2\/posts\/14519\/revisions\/14521"}],"wp:featuredmedia":[{"embeddable":true,"href":"https:\/\/blogdoeloiltoncajuhy.com.br\/site\/wp-json\/wp\/v2\/media\/14520"}],"wp:attachment":[{"href":"https:\/\/blogdoeloiltoncajuhy.com.br\/site\/wp-json\/wp\/v2\/media?parent=14519"}],"wp:term":[{"taxonomy":"category","embeddable":true,"href":"https:\/\/blogdoeloiltoncajuhy.com.br\/site\/wp-json\/wp\/v2\/categories?post=14519"},{"taxonomy":"post_tag","embeddable":true,"href":"https:\/\/blogdoeloiltoncajuhy.com.br\/site\/wp-json\/wp\/v2\/tags?post=14519"}],"curies":[{"name":"wp","href":"https:\/\/api.w.org\/{rel}","templated":true}]}}