{"id":14507,"date":"2017-01-04T09:41:59","date_gmt":"2017-01-04T12:41:59","guid":{"rendered":"http:\/\/blogdoeloiltoncajuhy.com.br\/site\/?p=14507"},"modified":"2017-01-04T09:41:59","modified_gmt":"2017-01-04T12:41:59","slug":"bonfim-posto-de-saude-volta-a-funcionar-no-bairro-sao-jorge","status":"publish","type":"post","link":"https:\/\/blogdoeloiltoncajuhy.com.br\/site\/bonfim-posto-de-saude-volta-a-funcionar-no-bairro-sao-jorge\/","title":{"rendered":"BONFIM: Posto de Sa\u00fade volta a funcionar no bairro S\u00e3o Jorge"},"content":{"rendered":"<p><a href=\"https:\/\/i0.wp.com\/blogdoeloiltoncajuhy.com.br\/site\/wp-content\/uploads\/2017\/01\/PSF_BS%C3%A3o-Jorge2-e1483533672478.jpg\"><img data-recalc-dims=\"1\" fetchpriority=\"high\" decoding=\"async\" class=\"aligncenter size-full wp-image-14508\" src=\"https:\/\/i0.wp.com\/blogdoeloiltoncajuhy.com.br\/site\/wp-content\/uploads\/2017\/01\/PSF_BS%C3%A3o-Jorge2-e1483533672478.jpg?resize=500%2C334\" alt=\"\" width=\"500\" height=\"334\" \/><\/a>Carlos Brasileiro, acompanhado da Secret\u00e1ria Municipal da Sa\u00fade, Angeli Matos, e do Secret\u00e1rio de Finan\u00e7as e Planejamento, Benito Brasileiro, visitou nesta ter\u00e7a-feira (3), o Posto de Sa\u00fade da Fam\u00edlia do bairro S\u00e3o Jorge. A unidade de sa\u00fade da rede municipal estava h\u00e1 v\u00e1rios meses sem realizar atendimento por falta de m\u00e9dico e problemas estruturais.<\/p>\n<p>Desde segunda-feira (2), o posto voltou a realizar atendimento com dois m\u00e9dicos, e na segunda quinzena de janeiro as especialidades de pediatria e ginecologia estar\u00e3o \u00e0 disposi\u00e7\u00e3o dos moradores do bairro S\u00e3o Jorge e adjac\u00eancias.<\/p>\n<p>Outro drama dos usu\u00e1rios \u00e9 a falta de atendimento odontol\u00f3gico na unidade de sa\u00fade. \u201cEncontramos a cadeira mec\u00e2nica quebrada, o ar condicionado, e at\u00e9 o autoclave, equipamento usado para esterilizar material odontol\u00f3gico, sem funcionar. Em breves dias, os problemas ser\u00e3o resolvidos e o dentista voltar\u00e1 a atender\u201d, afirmou a secret\u00e1ria Angeli Matos.<\/p>\n<p><a href=\"https:\/\/i0.wp.com\/blogdoeloiltoncajuhy.com.br\/site\/wp-content\/uploads\/2017\/01\/PSF_BS%C3%A3o-Jorge1-e1483533702354.jpg\"><img data-recalc-dims=\"1\" decoding=\"async\" class=\"aligncenter size-full wp-image-14509\" src=\"https:\/\/i0.wp.com\/blogdoeloiltoncajuhy.com.br\/site\/wp-content\/uploads\/2017\/01\/PSF_BS%C3%A3o-Jorge1-e1483533702354.jpg?resize=500%2C334\" alt=\"\" width=\"500\" height=\"334\" \/><\/a>O Posto de Sa\u00fade do Bairro S\u00e3o Jorge abriga uma equipe da Sa\u00fade da Fam\u00edlia que atende aproximadamente 4 mil pessoas e uma equipe do Programa de Agentes Comunit\u00e1rios (PACS) que atende cerca de 3 mil pessoas.<\/p>\n<p>Os principais servi\u00e7os oferecidos no posto de Sa\u00fade da Fam\u00edlia s\u00e3o consultas m\u00e9dicas, inala\u00e7\u00f5es, inje\u00e7\u00f5es, curativos, vacinas, coleta de exames laboratoriais, tratamento odontol\u00f3gico, encaminhamentos para especialidades e fornecimento de medica\u00e7\u00e3o b\u00e1sica. O posto funciona das 8h \u00e0s 12h e das 14h \u00e0s 17h.<\/p>\n<p><em>*Ascom PMSB<\/em><\/p>\n","protected":false},"excerpt":{"rendered":"<p>Carlos Brasileiro, acompanhado da Secret\u00e1ria Municipal da Sa\u00fade, Angeli Matos, e do Secret\u00e1rio de Finan\u00e7as e Planejamento, Benito Brasileiro, visitou nesta ter\u00e7a-feira (3), o Posto de Sa\u00fade da Fam\u00edlia do bairro S\u00e3o Jorge. A unidade de sa\u00fade da rede municipal estava h\u00e1 v\u00e1rios meses sem realizar atendimento por falta de m\u00e9dico e problemas estruturais. Desde [&hellip;]<\/p>\n","protected":false},"author":2,"featured_media":14509,"comment_status":"open","ping_status":"open","sticky":false,"template":"","format":"standard","meta":{"_acf_changed":false,"_monsterinsights_skip_tracking":false,"_monsterinsights_sitenote_active":false,"_monsterinsights_sitenote_note":"","_monsterinsights_sitenote_category":0,"_jetpack_memberships_contains_paid_content":false,"footnotes":"","jetpack_publicize_message":"","jetpack_publicize_feature_enabled":true,"jetpack_social_post_already_shared":true,"jetpack_social_options":{"image_generator_settings":{"template":"highway","default_image_id":0,"font":"","enabled":false},"version":2}},"categories":[1,7,4],"tags":[],"class_list":["post-14507","post","type-post","status-publish","format-standard","has-post-thumbnail","hentry","category-noticias","category-saude","category-local"],"acf":[],"jetpack_publicize_connections":[],"jetpack_featured_media_url":"https:\/\/i0.wp.com\/blogdoeloiltoncajuhy.com.br\/site\/wp-content\/uploads\/2017\/01\/PSF_BS%C3%A3o-Jorge1-e1483533702354.jpg?fit=500%2C334&ssl=1","jetpack_sharing_enabled":true,"publishpress_future_workflow_manual_trigger":{"enabledWorkflows":[]},"_links":{"self":[{"href":"https:\/\/blogdoeloiltoncajuhy.com.br\/site\/wp-json\/wp\/v2\/posts\/14507","targetHints":{"allow":["GET"]}}],"collection":[{"href":"https:\/\/blogdoeloiltoncajuhy.com.br\/site\/wp-json\/wp\/v2\/posts"}],"about":[{"href":"https:\/\/blogdoeloiltoncajuhy.com.br\/site\/wp-json\/wp\/v2\/types\/post"}],"author":[{"embeddable":true,"href":"https:\/\/blogdoeloiltoncajuhy.com.br\/site\/wp-json\/wp\/v2\/users\/2"}],"replies":[{"embeddable":true,"href":"https:\/\/blogdoeloiltoncajuhy.com.br\/site\/wp-json\/wp\/v2\/comments?post=14507"}],"version-history":[{"count":1,"href":"https:\/\/blogdoeloiltoncajuhy.com.br\/site\/wp-json\/wp\/v2\/posts\/14507\/revisions"}],"predecessor-version":[{"id":14510,"href":"https:\/\/blogdoeloiltoncajuhy.com.br\/site\/wp-json\/wp\/v2\/posts\/14507\/revisions\/14510"}],"wp:featuredmedia":[{"embeddable":true,"href":"https:\/\/blogdoeloiltoncajuhy.com.br\/site\/wp-json\/wp\/v2\/media\/14509"}],"wp:attachment":[{"href":"https:\/\/blogdoeloiltoncajuhy.com.br\/site\/wp-json\/wp\/v2\/media?parent=14507"}],"wp:term":[{"taxonomy":"category","embeddable":true,"href":"https:\/\/blogdoeloiltoncajuhy.com.br\/site\/wp-json\/wp\/v2\/categories?post=14507"},{"taxonomy":"post_tag","embeddable":true,"href":"https:\/\/blogdoeloiltoncajuhy.com.br\/site\/wp-json\/wp\/v2\/tags?post=14507"}],"curies":[{"name":"wp","href":"https:\/\/api.w.org\/{rel}","templated":true}]}}