{"id":14504,"date":"2017-01-04T09:33:31","date_gmt":"2017-01-04T12:33:31","guid":{"rendered":"http:\/\/blogdoeloiltoncajuhy.com.br\/site\/?p=14504"},"modified":"2017-01-04T09:33:31","modified_gmt":"2017-01-04T12:33:31","slug":"gente-que-faz-historia-hoje-e-aniversario-de-manu-gvassi","status":"publish","type":"post","link":"https:\/\/blogdoeloiltoncajuhy.com.br\/site\/gente-que-faz-historia-hoje-e-aniversario-de-manu-gvassi\/","title":{"rendered":"GENTE QUE FAZ HIST\u00d3RIA &#8211; Hoje \u00e9 aniversario de Manu Gvassi"},"content":{"rendered":"<figure id=\"attachment_14505\" aria-describedby=\"caption-attachment-14505\" style=\"width: 460px\" class=\"wp-caption aligncenter\"><a href=\"https:\/\/i0.wp.com\/blogdoeloiltoncajuhy.com.br\/site\/wp-content\/uploads\/2017\/01\/manu-gavassi-e1483533182757.jpg\"><img data-recalc-dims=\"1\" fetchpriority=\"high\" decoding=\"async\" class=\"wp-image-14505 size-full\" src=\"https:\/\/i0.wp.com\/blogdoeloiltoncajuhy.com.br\/site\/wp-content\/uploads\/2017\/01\/manu-gavassi-e1483533182757.jpg?resize=460%2C288\" width=\"460\" height=\"288\" \/><\/a><figcaption id=\"caption-attachment-14505\" class=\"wp-caption-text\">Foto: Marcos Serra Lima\/EGO<\/figcaption><\/figure>\n<p>Manoela Latini Gavassi Francisco &#8211; Manu Gavassi &#8211; nasceu em S\u00e3o Paulo, no dia 4 de janeiro de 1993. \u00c9 cantora, compositora e atriz.<\/p>\n<p>Em 2010, lan\u00e7ou seu \u00e1lbum de estreia, que teve como singles de maior \u00eaxito &#8220;Garoto Errado&#8221; e &#8220;Planos Imposs\u00edveis&#8221;.<\/p>\n<p>Em 2013, Manu lan\u00e7ou seu segundo \u00e1lbum de est\u00fadio, intitulado Clich\u00ea Adolescente. No ano seguinte, fez sua estreia na dramaturgia na novela Em Fam\u00edlia, como Paulinha, posteriormente atuou em Malha\u00e7\u00e3o, fazendo o papel de Vicki.<\/p>\n<p><em>*Wikip\u00e9dia<\/em><\/p>\n","protected":false},"excerpt":{"rendered":"<p>Manoela Latini Gavassi Francisco &#8211; Manu Gavassi &#8211; nasceu em S\u00e3o Paulo, no dia 4 de janeiro de 1993. \u00c9 cantora, compositora e atriz. Em 2010, lan\u00e7ou seu \u00e1lbum de estreia, que teve como singles de maior \u00eaxito &#8220;Garoto Errado&#8221; e &#8220;Planos Imposs\u00edveis&#8221;. Em 2013, Manu lan\u00e7ou seu segundo \u00e1lbum de est\u00fadio, intitulado Clich\u00ea Adolescente. [&hellip;]<\/p>\n","protected":false},"author":2,"featured_media":14505,"comment_status":"open","ping_status":"open","sticky":false,"template":"","format":"standard","meta":{"_acf_changed":false,"_monsterinsights_skip_tracking":false,"_monsterinsights_sitenote_active":false,"_monsterinsights_sitenote_note":"","_monsterinsights_sitenote_category":0,"_jetpack_memberships_contains_paid_content":false,"footnotes":"","jetpack_publicize_message":"","jetpack_publicize_feature_enabled":true,"jetpack_social_post_already_shared":true,"jetpack_social_options":{"image_generator_settings":{"template":"highway","default_image_id":0,"font":"","enabled":false},"version":2}},"categories":[8,12,1],"tags":[],"class_list":["post-14504","post","type-post","status-publish","format-standard","has-post-thumbnail","hentry","category-cultura","category-gente-que-faz-a-nossa-historia","category-noticias"],"acf":[],"jetpack_publicize_connections":[],"jetpack_featured_media_url":"https:\/\/i0.wp.com\/blogdoeloiltoncajuhy.com.br\/site\/wp-content\/uploads\/2017\/01\/manu-gavassi-e1483533182757.jpg?fit=460%2C288&ssl=1","jetpack_sharing_enabled":true,"publishpress_future_workflow_manual_trigger":{"enabledWorkflows":[]},"_links":{"self":[{"href":"https:\/\/blogdoeloiltoncajuhy.com.br\/site\/wp-json\/wp\/v2\/posts\/14504","targetHints":{"allow":["GET"]}}],"collection":[{"href":"https:\/\/blogdoeloiltoncajuhy.com.br\/site\/wp-json\/wp\/v2\/posts"}],"about":[{"href":"https:\/\/blogdoeloiltoncajuhy.com.br\/site\/wp-json\/wp\/v2\/types\/post"}],"author":[{"embeddable":true,"href":"https:\/\/blogdoeloiltoncajuhy.com.br\/site\/wp-json\/wp\/v2\/users\/2"}],"replies":[{"embeddable":true,"href":"https:\/\/blogdoeloiltoncajuhy.com.br\/site\/wp-json\/wp\/v2\/comments?post=14504"}],"version-history":[{"count":1,"href":"https:\/\/blogdoeloiltoncajuhy.com.br\/site\/wp-json\/wp\/v2\/posts\/14504\/revisions"}],"predecessor-version":[{"id":14506,"href":"https:\/\/blogdoeloiltoncajuhy.com.br\/site\/wp-json\/wp\/v2\/posts\/14504\/revisions\/14506"}],"wp:featuredmedia":[{"embeddable":true,"href":"https:\/\/blogdoeloiltoncajuhy.com.br\/site\/wp-json\/wp\/v2\/media\/14505"}],"wp:attachment":[{"href":"https:\/\/blogdoeloiltoncajuhy.com.br\/site\/wp-json\/wp\/v2\/media?parent=14504"}],"wp:term":[{"taxonomy":"category","embeddable":true,"href":"https:\/\/blogdoeloiltoncajuhy.com.br\/site\/wp-json\/wp\/v2\/categories?post=14504"},{"taxonomy":"post_tag","embeddable":true,"href":"https:\/\/blogdoeloiltoncajuhy.com.br\/site\/wp-json\/wp\/v2\/tags?post=14504"}],"curies":[{"name":"wp","href":"https:\/\/api.w.org\/{rel}","templated":true}]}}