{"id":14498,"date":"2017-01-04T07:17:01","date_gmt":"2017-01-04T10:17:01","guid":{"rendered":"http:\/\/blogdoeloiltoncajuhy.com.br\/site\/?p=14498"},"modified":"2017-01-04T07:17:01","modified_gmt":"2017-01-04T10:17:01","slug":"matriculas-abertas-na-rede-municipal-de-ensino-de-senhor-do-bonfim","status":"publish","type":"post","link":"https:\/\/blogdoeloiltoncajuhy.com.br\/site\/matriculas-abertas-na-rede-municipal-de-ensino-de-senhor-do-bonfim\/","title":{"rendered":"Matr\u00edculas abertas na Rede Municipal de Ensino de Senhor do Bonfim"},"content":{"rendered":"<p><a href=\"https:\/\/i0.wp.com\/blogdoeloiltoncajuhy.com.br\/site\/wp-content\/uploads\/2017\/01\/crian%C3%A7aEscola-e1483525013889.jpg\"><img data-recalc-dims=\"1\" fetchpriority=\"high\" decoding=\"async\" class=\"aligncenter size-full wp-image-14499\" src=\"https:\/\/i0.wp.com\/blogdoeloiltoncajuhy.com.br\/site\/wp-content\/uploads\/2017\/01\/crian%C3%A7aEscola-e1483525013889.jpg?resize=550%2C298\" alt=\"\" width=\"550\" height=\"298\" \/><\/a>A Prefeitura Municipal de Senhor do Bonfim, atrav\u00e9s da Secretaria Municipal de Educa\u00e7\u00e3o \u2013 SEMED, informa a comunidade bonfinense que encontram-se abertas as matr\u00edculas para alunos da Educa\u00e7\u00e3o Infantil ao Ensino Fundamental II.<\/p>\n<p>Para realiza\u00e7\u00e3o da matr\u00edcula\u00a0s\u00e3o necess\u00e1rios os seguintes documentos: certid\u00e3o de nascimento ou carteira de identidade do aluno, documento do respons\u00e1vel (CPF ou identidade), comprovante de resid\u00eancia, 2 fotos 3&#215;4, xerox do cart\u00e3o do Bolsa Fam\u00edlia e transfer\u00eancia ou declara\u00e7\u00e3o.<\/p>\n<p>As matr\u00edculas devem ser realizadas preferencialmente nas escolas mais pr\u00f3ximas das resid\u00eancias dos alunos, das 8h \u00e0s 12h e das 14h \u00e0s 17h. As aulas ter\u00e3o in\u00edcio em 20 de fevereiro.<\/p>\n<p><em>*Ascom\/PMSB<\/em><\/p>\n","protected":false},"excerpt":{"rendered":"<p>A Prefeitura Municipal de Senhor do Bonfim, atrav\u00e9s da Secretaria Municipal de Educa\u00e7\u00e3o \u2013 SEMED, informa a comunidade bonfinense que encontram-se abertas as matr\u00edculas para alunos da Educa\u00e7\u00e3o Infantil ao Ensino Fundamental II. Para realiza\u00e7\u00e3o da matr\u00edcula\u00a0s\u00e3o necess\u00e1rios os seguintes documentos: certid\u00e3o de nascimento ou carteira de identidade do aluno, documento do respons\u00e1vel (CPF ou [&hellip;]<\/p>\n","protected":false},"author":2,"featured_media":14499,"comment_status":"open","ping_status":"open","sticky":false,"template":"","format":"standard","meta":{"_acf_changed":false,"_monsterinsights_skip_tracking":false,"_monsterinsights_sitenote_active":false,"_monsterinsights_sitenote_note":"","_monsterinsights_sitenote_category":0,"_jetpack_memberships_contains_paid_content":false,"footnotes":"","jetpack_publicize_message":"","jetpack_publicize_feature_enabled":true,"jetpack_social_post_already_shared":true,"jetpack_social_options":{"image_generator_settings":{"template":"highway","default_image_id":0,"font":"","enabled":false},"version":2}},"categories":[14,1,4],"tags":[],"class_list":["post-14498","post","type-post","status-publish","format-standard","has-post-thumbnail","hentry","category-educacao","category-noticias","category-local"],"acf":[],"jetpack_publicize_connections":[],"jetpack_featured_media_url":"https:\/\/i0.wp.com\/blogdoeloiltoncajuhy.com.br\/site\/wp-content\/uploads\/2017\/01\/crian%C3%A7aEscola-e1483525013889.jpg?fit=550%2C298&ssl=1","jetpack_sharing_enabled":true,"publishpress_future_workflow_manual_trigger":{"enabledWorkflows":[]},"_links":{"self":[{"href":"https:\/\/blogdoeloiltoncajuhy.com.br\/site\/wp-json\/wp\/v2\/posts\/14498","targetHints":{"allow":["GET"]}}],"collection":[{"href":"https:\/\/blogdoeloiltoncajuhy.com.br\/site\/wp-json\/wp\/v2\/posts"}],"about":[{"href":"https:\/\/blogdoeloiltoncajuhy.com.br\/site\/wp-json\/wp\/v2\/types\/post"}],"author":[{"embeddable":true,"href":"https:\/\/blogdoeloiltoncajuhy.com.br\/site\/wp-json\/wp\/v2\/users\/2"}],"replies":[{"embeddable":true,"href":"https:\/\/blogdoeloiltoncajuhy.com.br\/site\/wp-json\/wp\/v2\/comments?post=14498"}],"version-history":[{"count":1,"href":"https:\/\/blogdoeloiltoncajuhy.com.br\/site\/wp-json\/wp\/v2\/posts\/14498\/revisions"}],"predecessor-version":[{"id":14500,"href":"https:\/\/blogdoeloiltoncajuhy.com.br\/site\/wp-json\/wp\/v2\/posts\/14498\/revisions\/14500"}],"wp:featuredmedia":[{"embeddable":true,"href":"https:\/\/blogdoeloiltoncajuhy.com.br\/site\/wp-json\/wp\/v2\/media\/14499"}],"wp:attachment":[{"href":"https:\/\/blogdoeloiltoncajuhy.com.br\/site\/wp-json\/wp\/v2\/media?parent=14498"}],"wp:term":[{"taxonomy":"category","embeddable":true,"href":"https:\/\/blogdoeloiltoncajuhy.com.br\/site\/wp-json\/wp\/v2\/categories?post=14498"},{"taxonomy":"post_tag","embeddable":true,"href":"https:\/\/blogdoeloiltoncajuhy.com.br\/site\/wp-json\/wp\/v2\/tags?post=14498"}],"curies":[{"name":"wp","href":"https:\/\/api.w.org\/{rel}","templated":true}]}}