{"id":14467,"date":"2017-01-02T20:58:16","date_gmt":"2017-01-02T23:58:16","guid":{"rendered":"http:\/\/blogdoeloiltoncajuhy.com.br\/site\/?p=14467"},"modified":"2017-01-02T20:58:16","modified_gmt":"2017-01-02T23:58:16","slug":"riachao-do-jacuipe-quatro-pessoas-morrem-em-acidente-carro-ficou-destruido","status":"publish","type":"post","link":"https:\/\/blogdoeloiltoncajuhy.com.br\/site\/riachao-do-jacuipe-quatro-pessoas-morrem-em-acidente-carro-ficou-destruido\/","title":{"rendered":"RIACH\u00c3O DO JACU\u00cdPE: Quatro pessoas morrem em acidente; carro ficou destru\u00eddo"},"content":{"rendered":"<p style=\"text-align: center;\"><em><strong>Caso ocorreu na BR-324.\u00a0Beb\u00ea est\u00e1 entre os mortos; crian\u00e7a chegou a ser socorrida, mas n\u00e3o resistiu<\/strong><\/em><\/p>\n<figure id=\"attachment_14468\" aria-describedby=\"caption-attachment-14468\" style=\"width: 620px\" class=\"wp-caption aligncenter\"><a href=\"https:\/\/i0.wp.com\/blogdoeloiltoncajuhy.com.br\/site\/wp-content\/uploads\/2017\/01\/RJ-acidente_1.jpg\"><img data-recalc-dims=\"1\" fetchpriority=\"high\" decoding=\"async\" class=\"wp-image-14468 size-full\" src=\"https:\/\/i0.wp.com\/blogdoeloiltoncajuhy.com.br\/site\/wp-content\/uploads\/2017\/01\/RJ-acidente_1.jpg?resize=620%2C465\" width=\"620\" height=\"465\" srcset=\"https:\/\/i0.wp.com\/blogdoeloiltoncajuhy.com.br\/site\/wp-content\/uploads\/2017\/01\/RJ-acidente_1.jpg?w=620&amp;ssl=1 620w, https:\/\/i0.wp.com\/blogdoeloiltoncajuhy.com.br\/site\/wp-content\/uploads\/2017\/01\/RJ-acidente_1.jpg?resize=300%2C225&amp;ssl=1 300w, https:\/\/i0.wp.com\/blogdoeloiltoncajuhy.com.br\/site\/wp-content\/uploads\/2017\/01\/RJ-acidente_1.jpg?resize=250%2C188&amp;ssl=1 250w\" sizes=\"(max-width: 620px) 100vw, 620px\" \/><\/a><figcaption id=\"caption-attachment-14468\" class=\"wp-caption-text\">Quatro pessoas que estavam no carro morreram (Foto: Raimundo Mascarenhas \\ Site Calila Not\u00edcias)<\/figcaption><\/figure>\n<p style=\"text-align: left;\">Quatros pessoas, entre elas um beb\u00ea, morreram na tarde desta segunda-feira (2), depois que o carro em que viajavam bateu de frente com uma carreta que transportava querosene, na BR-324, trecho do munic\u00edpio de Riach\u00e3o do Jacu\u00edpe.\u00a0As informa\u00e7\u00f5es foram confirmadas ao <strong>G1<\/strong> pela Pol\u00edcia Rodovi\u00e1ria Federal. De acordo com a PRF, tr\u00eas das v\u00edtimas morreram na hora e os corpos delas ficaram presos nas ferragens do carro. O Corpo de Bombeiros foi acionado para fazer a remo\u00e7\u00e3o.<\/p>\n<figure id=\"attachment_14470\" aria-describedby=\"caption-attachment-14470\" style=\"width: 300px\" class=\"wp-caption aligncenter\"><a href=\"https:\/\/i0.wp.com\/blogdoeloiltoncajuhy.com.br\/site\/wp-content\/uploads\/2017\/01\/RJ-acidente_3.jpg\"><img data-recalc-dims=\"1\" decoding=\"async\" class=\"wp-image-14470 size-full\" src=\"https:\/\/i0.wp.com\/blogdoeloiltoncajuhy.com.br\/site\/wp-content\/uploads\/2017\/01\/RJ-acidente_3.jpg?resize=300%2C225\" width=\"300\" height=\"225\" srcset=\"https:\/\/i0.wp.com\/blogdoeloiltoncajuhy.com.br\/site\/wp-content\/uploads\/2017\/01\/RJ-acidente_3.jpg?w=300&amp;ssl=1 300w, https:\/\/i0.wp.com\/blogdoeloiltoncajuhy.com.br\/site\/wp-content\/uploads\/2017\/01\/RJ-acidente_3.jpg?resize=250%2C188&amp;ssl=1 250w\" sizes=\"(max-width: 300px) 100vw, 300px\" \/><\/a><figcaption id=\"caption-attachment-14470\" class=\"wp-caption-text\">Com a batida, o carro ficou destru\u00eddo (Foto: Raimundo Mascarenhas \\ Site Calila Not\u00edcias)<\/figcaption><\/figure>\n<p style=\"text-align: left;\">O beb\u00ea chegou a ser levado para o Hospital Municipal de Riach\u00e3o do Jacu\u00edpe por pessoas que passaram pela rodovia logo ap\u00f3s o acidente mas, segundo a unidade de sa\u00fade, morreu a caminho. O condutor da carreta n\u00e3o sofreu ferimentos.<\/p>\n<p style=\"text-align: left;\">As v\u00edtimas ainda n\u00e3o foram identificadas. Os corpos ser\u00e3o levados para o Departamento de Pol\u00edcia T\u00e9cnica (DPT) de Serrinha, a cerca de 50 quil\u00f4metros de Riach\u00e3o do Jacu\u00edpe, onde ser\u00e3o periciados.\u00a0Com a batida, o carro em que as v\u00edtimas estavam foi completamente destru\u00eddo. A carreta tombou, ficou atravessada na rodovia e a carga de querosene foi derramada na pista. A via foi interditada nos dois sentidos.<\/p>\n<figure id=\"attachment_14469\" aria-describedby=\"caption-attachment-14469\" style=\"width: 620px\" class=\"wp-caption aligncenter\"><a href=\"https:\/\/i0.wp.com\/blogdoeloiltoncajuhy.com.br\/site\/wp-content\/uploads\/2017\/01\/RJ-acidente_2.jpg\"><img data-recalc-dims=\"1\" decoding=\"async\" class=\"wp-image-14469 size-full\" src=\"https:\/\/i0.wp.com\/blogdoeloiltoncajuhy.com.br\/site\/wp-content\/uploads\/2017\/01\/RJ-acidente_2.jpg?resize=620%2C465\" width=\"620\" height=\"465\" srcset=\"https:\/\/i0.wp.com\/blogdoeloiltoncajuhy.com.br\/site\/wp-content\/uploads\/2017\/01\/RJ-acidente_2.jpg?w=620&amp;ssl=1 620w, https:\/\/i0.wp.com\/blogdoeloiltoncajuhy.com.br\/site\/wp-content\/uploads\/2017\/01\/RJ-acidente_2.jpg?resize=300%2C225&amp;ssl=1 300w, https:\/\/i0.wp.com\/blogdoeloiltoncajuhy.com.br\/site\/wp-content\/uploads\/2017\/01\/RJ-acidente_2.jpg?resize=250%2C188&amp;ssl=1 250w\" sizes=\"(max-width: 620px) 100vw, 620px\" \/><\/a><figcaption id=\"caption-attachment-14469\" class=\"wp-caption-text\">Carreta ficou atravessada na pista ap\u00f3s a colis\u00e3o (Foto: Raimundo Mascarenhas \\ Site Calila Not\u00edcias)<\/figcaption><\/figure>\n<p style=\"text-align: left;\">Conforme a PRF, o tr\u00e1fego de ve\u00edculos precisou ser desviado para estradas vicinais da regi\u00e3o. O Instituto do Meio Ambiente e Recursos H\u00eddricos (Inema) foi acionado para analisar a situa\u00e7\u00e3o e fazer a remo\u00e7\u00e3o do ve\u00edculo do local do acidente. At\u00e9 por volta das 18h30, os ve\u00edculos ainda estavam no local do acidente.<\/p>\n<p style=\"text-align: left;\"><em>G1 Bahia<\/em><\/p>\n","protected":false},"excerpt":{"rendered":"<p>Caso ocorreu na BR-324.\u00a0Beb\u00ea est\u00e1 entre os mortos; crian\u00e7a chegou a ser socorrida, mas n\u00e3o resistiu Quatros pessoas, entre elas um beb\u00ea, morreram na tarde desta segunda-feira (2), depois que o carro em que viajavam bateu de frente com uma carreta que transportava querosene, na BR-324, trecho do munic\u00edpio de Riach\u00e3o do Jacu\u00edpe.\u00a0As informa\u00e7\u00f5es foram [&hellip;]<\/p>\n","protected":false},"author":2,"featured_media":14470,"comment_status":"open","ping_status":"open","sticky":false,"template":"","format":"standard","meta":{"_acf_changed":false,"_monsterinsights_skip_tracking":false,"_monsterinsights_sitenote_active":false,"_monsterinsights_sitenote_note":"","_monsterinsights_sitenote_category":0,"_jetpack_memberships_contains_paid_content":false,"footnotes":"","jetpack_publicize_message":"","jetpack_publicize_feature_enabled":true,"jetpack_social_post_already_shared":true,"jetpack_social_options":{"image_generator_settings":{"template":"highway","default_image_id":0,"font":"","enabled":false},"version":2}},"categories":[5,1],"tags":[],"class_list":["post-14467","post","type-post","status-publish","format-standard","has-post-thumbnail","hentry","category-cotidiano","category-noticias"],"acf":[],"jetpack_publicize_connections":[],"jetpack_featured_media_url":"https:\/\/i0.wp.com\/blogdoeloiltoncajuhy.com.br\/site\/wp-content\/uploads\/2017\/01\/RJ-acidente_3.jpg?fit=300%2C225&ssl=1","jetpack_sharing_enabled":true,"publishpress_future_workflow_manual_trigger":{"enabledWorkflows":[]},"_links":{"self":[{"href":"https:\/\/blogdoeloiltoncajuhy.com.br\/site\/wp-json\/wp\/v2\/posts\/14467","targetHints":{"allow":["GET"]}}],"collection":[{"href":"https:\/\/blogdoeloiltoncajuhy.com.br\/site\/wp-json\/wp\/v2\/posts"}],"about":[{"href":"https:\/\/blogdoeloiltoncajuhy.com.br\/site\/wp-json\/wp\/v2\/types\/post"}],"author":[{"embeddable":true,"href":"https:\/\/blogdoeloiltoncajuhy.com.br\/site\/wp-json\/wp\/v2\/users\/2"}],"replies":[{"embeddable":true,"href":"https:\/\/blogdoeloiltoncajuhy.com.br\/site\/wp-json\/wp\/v2\/comments?post=14467"}],"version-history":[{"count":1,"href":"https:\/\/blogdoeloiltoncajuhy.com.br\/site\/wp-json\/wp\/v2\/posts\/14467\/revisions"}],"predecessor-version":[{"id":14471,"href":"https:\/\/blogdoeloiltoncajuhy.com.br\/site\/wp-json\/wp\/v2\/posts\/14467\/revisions\/14471"}],"wp:featuredmedia":[{"embeddable":true,"href":"https:\/\/blogdoeloiltoncajuhy.com.br\/site\/wp-json\/wp\/v2\/media\/14470"}],"wp:attachment":[{"href":"https:\/\/blogdoeloiltoncajuhy.com.br\/site\/wp-json\/wp\/v2\/media?parent=14467"}],"wp:term":[{"taxonomy":"category","embeddable":true,"href":"https:\/\/blogdoeloiltoncajuhy.com.br\/site\/wp-json\/wp\/v2\/categories?post=14467"},{"taxonomy":"post_tag","embeddable":true,"href":"https:\/\/blogdoeloiltoncajuhy.com.br\/site\/wp-json\/wp\/v2\/tags?post=14467"}],"curies":[{"name":"wp","href":"https:\/\/api.w.org\/{rel}","templated":true}]}}