{"id":14458,"date":"2017-01-02T19:58:58","date_gmt":"2017-01-02T22:58:58","guid":{"rendered":"http:\/\/blogdoeloiltoncajuhy.com.br\/site\/?p=14458"},"modified":"2017-01-02T19:59:57","modified_gmt":"2017-01-02T22:59:57","slug":"prefeitura-de-senhor-do-bonfim-incia-operacao-cidade-arrumada-cidade-feliz","status":"publish","type":"post","link":"https:\/\/blogdoeloiltoncajuhy.com.br\/site\/prefeitura-de-senhor-do-bonfim-incia-operacao-cidade-arrumada-cidade-feliz\/","title":{"rendered":"Prefeitura de Senhor do Bonfim inicia opera\u00e7\u00e3o &#8220;Cidade arrumada, cidade feliz&#8221;"},"content":{"rendered":"<p><a href=\"https:\/\/i0.wp.com\/blogdoeloiltoncajuhy.com.br\/site\/wp-content\/uploads\/2017\/01\/1%C2%BA-DIAA.jpg\"><img data-recalc-dims=\"1\" fetchpriority=\"high\" decoding=\"async\" class=\"aligncenter size-full wp-image-14459\" src=\"https:\/\/i0.wp.com\/blogdoeloiltoncajuhy.com.br\/site\/wp-content\/uploads\/2017\/01\/1%C2%BA-DIAA.jpg?resize=640%2C426\" alt=\"\" width=\"640\" height=\"426\" srcset=\"https:\/\/i0.wp.com\/blogdoeloiltoncajuhy.com.br\/site\/wp-content\/uploads\/2017\/01\/1%C2%BA-DIAA.jpg?w=640&amp;ssl=1 640w, https:\/\/i0.wp.com\/blogdoeloiltoncajuhy.com.br\/site\/wp-content\/uploads\/2017\/01\/1%C2%BA-DIAA.jpg?resize=300%2C200&amp;ssl=1 300w, https:\/\/i0.wp.com\/blogdoeloiltoncajuhy.com.br\/site\/wp-content\/uploads\/2017\/01\/1%C2%BA-DIAA.jpg?resize=250%2C166&amp;ssl=1 250w\" sizes=\"(max-width: 640px) 100vw, 640px\" \/><\/a>Come\u00e7ou na manh\u00e3 desta segunda-feira (2), um grande mutir\u00e3o de limpeza na cidade de Senhor do Bonfim. A a\u00e7\u00e3o intitulada \u201cCidade arrumada, cidade feliz\u201d, faz parte das primeiras a\u00e7\u00f5es do prefeito Carlos Brasileiro \u00e0 frente do governo municipal.<\/p>\n<p>Uma equipe de 30 homens est\u00e1 executando os servi\u00e7os de capina, limpeza e tapa-buracos nas vias p\u00fablicas dos bairros Itamaraty, Conjunto Habitacional Bonfim III e Baixinha. Segundo a secretaria de Infraestrutura e Meio Ambiente, os trabalhos de limpeza e reparos v\u00e3o se estender por todos os bairros da sede e localidades da zona rural.<\/p>\n<p>A for\u00e7a-tarefa tamb\u00e9m vai realizar a\u00e7\u00f5es de poda, retirada de entulhos, limpeza de terrenos baldios, recupera\u00e7\u00e3o de pavimentos, melhorarias no sistema de ilumina\u00e7\u00e3o p\u00fablica, entre outros servi\u00e7os que visam recuperar a cidade.<\/p>\n<p>Al\u00e9m de duas ca\u00e7ambas e uma p\u00e1 carregadeira do munic\u00edpio, cinco caminh\u00f5es compactadores de lixo foram contratados em car\u00e1ter emergencial atrav\u00e9s da empresa Torre para dar suporte ao mega mutir\u00e3o de limpeza que deve durar entre 60 e 90 dias.<\/p>\n<p><em>*ASCOM<\/em><br \/>\n<em>Prefeitura Municipal de Senhor do Bonfim<\/em><\/p>\n","protected":false},"excerpt":{"rendered":"<p>Come\u00e7ou na manh\u00e3 desta segunda-feira (2), um grande mutir\u00e3o de limpeza na cidade de Senhor do Bonfim. A a\u00e7\u00e3o intitulada \u201cCidade arrumada, cidade feliz\u201d, faz parte das primeiras a\u00e7\u00f5es do prefeito Carlos Brasileiro \u00e0 frente do governo municipal. Uma equipe de 30 homens est\u00e1 executando os servi\u00e7os de capina, limpeza e tapa-buracos nas vias p\u00fablicas [&hellip;]<\/p>\n","protected":false},"author":2,"featured_media":14459,"comment_status":"open","ping_status":"open","sticky":false,"template":"","format":"standard","meta":{"_acf_changed":false,"_monsterinsights_skip_tracking":false,"_monsterinsights_sitenote_active":false,"_monsterinsights_sitenote_note":"","_monsterinsights_sitenote_category":0,"_jetpack_memberships_contains_paid_content":false,"footnotes":"","jetpack_publicize_message":"","jetpack_publicize_feature_enabled":true,"jetpack_social_post_already_shared":true,"jetpack_social_options":{"image_generator_settings":{"template":"highway","default_image_id":0,"font":"","enabled":false},"version":2}},"categories":[1,3,4],"tags":[],"class_list":["post-14458","post","type-post","status-publish","format-standard","has-post-thumbnail","hentry","category-noticias","category-politica","category-local"],"acf":[],"jetpack_publicize_connections":[],"jetpack_featured_media_url":"https:\/\/i0.wp.com\/blogdoeloiltoncajuhy.com.br\/site\/wp-content\/uploads\/2017\/01\/1%C2%BA-DIAA.jpg?fit=640%2C426&ssl=1","jetpack_sharing_enabled":true,"publishpress_future_workflow_manual_trigger":{"enabledWorkflows":[]},"_links":{"self":[{"href":"https:\/\/blogdoeloiltoncajuhy.com.br\/site\/wp-json\/wp\/v2\/posts\/14458","targetHints":{"allow":["GET"]}}],"collection":[{"href":"https:\/\/blogdoeloiltoncajuhy.com.br\/site\/wp-json\/wp\/v2\/posts"}],"about":[{"href":"https:\/\/blogdoeloiltoncajuhy.com.br\/site\/wp-json\/wp\/v2\/types\/post"}],"author":[{"embeddable":true,"href":"https:\/\/blogdoeloiltoncajuhy.com.br\/site\/wp-json\/wp\/v2\/users\/2"}],"replies":[{"embeddable":true,"href":"https:\/\/blogdoeloiltoncajuhy.com.br\/site\/wp-json\/wp\/v2\/comments?post=14458"}],"version-history":[{"count":2,"href":"https:\/\/blogdoeloiltoncajuhy.com.br\/site\/wp-json\/wp\/v2\/posts\/14458\/revisions"}],"predecessor-version":[{"id":14461,"href":"https:\/\/blogdoeloiltoncajuhy.com.br\/site\/wp-json\/wp\/v2\/posts\/14458\/revisions\/14461"}],"wp:featuredmedia":[{"embeddable":true,"href":"https:\/\/blogdoeloiltoncajuhy.com.br\/site\/wp-json\/wp\/v2\/media\/14459"}],"wp:attachment":[{"href":"https:\/\/blogdoeloiltoncajuhy.com.br\/site\/wp-json\/wp\/v2\/media?parent=14458"}],"wp:term":[{"taxonomy":"category","embeddable":true,"href":"https:\/\/blogdoeloiltoncajuhy.com.br\/site\/wp-json\/wp\/v2\/categories?post=14458"},{"taxonomy":"post_tag","embeddable":true,"href":"https:\/\/blogdoeloiltoncajuhy.com.br\/site\/wp-json\/wp\/v2\/tags?post=14458"}],"curies":[{"name":"wp","href":"https:\/\/api.w.org\/{rel}","templated":true}]}}