{"id":14456,"date":"2017-01-02T19:48:06","date_gmt":"2017-01-02T22:48:06","guid":{"rendered":"http:\/\/blogdoeloiltoncajuhy.com.br\/site\/?p=14456"},"modified":"2017-01-02T19:48:06","modified_gmt":"2017-01-02T22:48:06","slug":"emprego-concurso-da-agerba-tem-inscricoes-prorrogadas-salarios-chegam-a-r-6-02164","status":"publish","type":"post","link":"https:\/\/blogdoeloiltoncajuhy.com.br\/site\/emprego-concurso-da-agerba-tem-inscricoes-prorrogadas-salarios-chegam-a-r-6-02164\/","title":{"rendered":"EMPREGO: Concurso da Agerba tem inscri\u00e7\u00f5es prorrogadas; sal\u00e1rios chegam a R$ 6.021,64"},"content":{"rendered":"<p style=\"text-align: center;\"><em><strong>Interessados podem se inscrever no processo seletivo at\u00e9 o dia 10 de janeiro<\/strong><\/em><\/p>\n<p><a href=\"https:\/\/i0.wp.com\/blogdoeloiltoncajuhy.com.br\/site\/wp-content\/uploads\/2016\/12\/agerba.jpg\"><img data-recalc-dims=\"1\" fetchpriority=\"high\" decoding=\"async\" class=\"aligncenter size-full wp-image-13814\" src=\"https:\/\/i0.wp.com\/blogdoeloiltoncajuhy.com.br\/site\/wp-content\/uploads\/2016\/12\/agerba.jpg?resize=380%2C280\" alt=\"\" width=\"380\" height=\"280\" srcset=\"https:\/\/i0.wp.com\/blogdoeloiltoncajuhy.com.br\/site\/wp-content\/uploads\/2016\/12\/agerba.jpg?w=380&amp;ssl=1 380w, https:\/\/i0.wp.com\/blogdoeloiltoncajuhy.com.br\/site\/wp-content\/uploads\/2016\/12\/agerba.jpg?resize=300%2C221&amp;ssl=1 300w, https:\/\/i0.wp.com\/blogdoeloiltoncajuhy.com.br\/site\/wp-content\/uploads\/2016\/12\/agerba.jpg?resize=250%2C184&amp;ssl=1 250w\" sizes=\"(max-width: 380px) 100vw, 380px\" \/><\/a>A Secretaria da Administra\u00e7\u00e3o (Saeb) decidiu prorrogar das inscri\u00e7\u00f5es para o concurso p\u00fablico da Ag\u00eancia Estadual de Regula\u00e7\u00e3o de Servi\u00e7os P\u00fablicos de Energia, Transportes e Comunica\u00e7\u00f5es da Bahia (Agerba). O novo prazo termina no dia 10 de janeiro, hor\u00e1rio de Bras\u00edlia, de acordo com publica\u00e7\u00e3o no Di\u00e1rio Oficial do Estado (DOE) desta ter\u00e7a-feira (3).<\/p>\n<p>As vagas a serem preenchidas s\u00e3o para os munic\u00edpios de Salvador, Barreiras, Bom Jesus da Lapa, Seabra, Teixeira de Freitas, Alagoinhas, Feira de Santana, Itabuna, Jequi\u00e9, Juazeiro, Santo Ant\u00f4nio de Jesus e Vit\u00f3ria da Conquista.<\/p>\n<p>As vagas de n\u00edvel superior &#8211; Especialista em Regula\u00e7\u00e3o &#8211; s\u00e3o para a \u00e1rea de Administra\u00e7\u00e3o, Ci\u00eancias Econ\u00f4micas e Cont\u00e1beis, Direito, Estat\u00edstica, Arquitetura, Engenharia Civil, Engenharia El\u00e9trica, entre outros. A remunera\u00e7\u00e3o total \u00e9 de R$ 6.021,64. J\u00e1 para as vagas de t\u00e9cnico em regula\u00e7\u00e3o, \u00e9 necess\u00e1rio apenas o ensino m\u00e9dio e a remunera\u00e7\u00e3o chega a R$ 2.146,37.<\/p>\n<p>Para se inscrever, o candidato dever\u00e1 entrar no endere\u00e7o eletr\u00f4nico do Instituto Brasileiro de Forma\u00e7\u00e3o e Capacita\u00e7\u00e3o &#8211; IBFC (www.ibfc.org.br), acessar o link correspondente, preencher a ficha de inscri\u00e7\u00e3o, imprimir o boleto banc\u00e1rio e pagar o valor de acordo com o cargo escolhido.<\/p>\n<p><strong><a href=\"http:\/\/www2.ibfc.org.br\/projeto\/1632\/\">Inscri\u00e7\u00f5es aqui<\/a><\/strong><\/p>\n<p><strong><a href=\"http:\/\/www.ibfc.org.br\/concurso\/concurso_selecionado\/302\">Edital<\/a><\/strong><\/p>\n<p>Para especialista em regula\u00e7\u00e3o, a inscri\u00e7\u00e3o custa R$ 140 e, para t\u00e9cnico em regula\u00e7\u00e3o, R$ 70. A organiza\u00e7\u00e3o do concurso alerta a import\u00e2ncia de os candidatos lerem o edital na \u00edntegra, dispon\u00edvel no site do IBFC, para esclarecimento de d\u00favidas.<\/p>\n<p><em>*Ibahia<\/em><\/p>\n","protected":false},"excerpt":{"rendered":"<p>Interessados podem se inscrever no processo seletivo at\u00e9 o dia 10 de janeiro A Secretaria da Administra\u00e7\u00e3o (Saeb) decidiu prorrogar das inscri\u00e7\u00f5es para o concurso p\u00fablico da Ag\u00eancia Estadual de Regula\u00e7\u00e3o de Servi\u00e7os P\u00fablicos de Energia, Transportes e Comunica\u00e7\u00f5es da Bahia (Agerba). O novo prazo termina no dia 10 de janeiro, hor\u00e1rio de Bras\u00edlia, de [&hellip;]<\/p>\n","protected":false},"author":2,"featured_media":0,"comment_status":"open","ping_status":"open","sticky":false,"template":"","format":"standard","meta":{"_acf_changed":false,"_monsterinsights_skip_tracking":false,"_monsterinsights_sitenote_active":false,"_monsterinsights_sitenote_note":"","_monsterinsights_sitenote_category":0,"_jetpack_memberships_contains_paid_content":false,"footnotes":"","jetpack_publicize_message":"","jetpack_publicize_feature_enabled":true,"jetpack_social_post_already_shared":true,"jetpack_social_options":{"image_generator_settings":{"template":"highway","default_image_id":0,"font":"","enabled":false},"version":2}},"categories":[5,1],"tags":[],"class_list":["post-14456","post","type-post","status-publish","format-standard","hentry","category-cotidiano","category-noticias"],"acf":[],"jetpack_publicize_connections":[],"jetpack_featured_media_url":"","jetpack_sharing_enabled":true,"publishpress_future_workflow_manual_trigger":{"enabledWorkflows":[]},"_links":{"self":[{"href":"https:\/\/blogdoeloiltoncajuhy.com.br\/site\/wp-json\/wp\/v2\/posts\/14456","targetHints":{"allow":["GET"]}}],"collection":[{"href":"https:\/\/blogdoeloiltoncajuhy.com.br\/site\/wp-json\/wp\/v2\/posts"}],"about":[{"href":"https:\/\/blogdoeloiltoncajuhy.com.br\/site\/wp-json\/wp\/v2\/types\/post"}],"author":[{"embeddable":true,"href":"https:\/\/blogdoeloiltoncajuhy.com.br\/site\/wp-json\/wp\/v2\/users\/2"}],"replies":[{"embeddable":true,"href":"https:\/\/blogdoeloiltoncajuhy.com.br\/site\/wp-json\/wp\/v2\/comments?post=14456"}],"version-history":[{"count":1,"href":"https:\/\/blogdoeloiltoncajuhy.com.br\/site\/wp-json\/wp\/v2\/posts\/14456\/revisions"}],"predecessor-version":[{"id":14457,"href":"https:\/\/blogdoeloiltoncajuhy.com.br\/site\/wp-json\/wp\/v2\/posts\/14456\/revisions\/14457"}],"wp:attachment":[{"href":"https:\/\/blogdoeloiltoncajuhy.com.br\/site\/wp-json\/wp\/v2\/media?parent=14456"}],"wp:term":[{"taxonomy":"category","embeddable":true,"href":"https:\/\/blogdoeloiltoncajuhy.com.br\/site\/wp-json\/wp\/v2\/categories?post=14456"},{"taxonomy":"post_tag","embeddable":true,"href":"https:\/\/blogdoeloiltoncajuhy.com.br\/site\/wp-json\/wp\/v2\/tags?post=14456"}],"curies":[{"name":"wp","href":"https:\/\/api.w.org\/{rel}","templated":true}]}}