{"id":14450,"date":"2017-01-02T19:22:29","date_gmt":"2017-01-02T22:22:29","guid":{"rendered":"http:\/\/blogdoeloiltoncajuhy.com.br\/site\/?p=14450"},"modified":"2017-01-02T19:22:29","modified_gmt":"2017-01-02T22:22:29","slug":"renato-brandao-pp-e-empossado-como-novo-prefeito-de-andorinha","status":"publish","type":"post","link":"https:\/\/blogdoeloiltoncajuhy.com.br\/site\/renato-brandao-pp-e-empossado-como-novo-prefeito-de-andorinha\/","title":{"rendered":"Renato Brand\u00e3o (PP) \u00e9 empossado como novo prefeito de Andorinha"},"content":{"rendered":"<p><a href=\"https:\/\/i0.wp.com\/blogdoeloiltoncajuhy.com.br\/site\/wp-content\/uploads\/2017\/01\/posse-renatinho2-e1483395732873.jpg\"><img data-recalc-dims=\"1\" fetchpriority=\"high\" decoding=\"async\" class=\"aligncenter size-full wp-image-14451\" src=\"https:\/\/i0.wp.com\/blogdoeloiltoncajuhy.com.br\/site\/wp-content\/uploads\/2017\/01\/posse-renatinho2-e1483395732873.jpg?resize=560%2C420\" alt=\"\" width=\"560\" height=\"420\" \/><\/a>A solenidade de posse do novo chefe do executivo de Andorinha Renato Brand\u00e3o (PP), aconteceu no domingo (1\u00ba). A solenidade foi realizada em uma casa de eventos da cidade e contou com a presen\u00e7a de amigos, familiares, lideran\u00e7as pol\u00edticas e centenas de populares.<\/p>\n<p>Na mesma cerim\u00f4nia, foram empossados o vice-prefeito Jos\u00e9 Vitor Soares (PMDB), popular Zelito e os nove vereadores escolhidos pelos eleitores do munic\u00edpio em 2 de outubro de 2016.\u00a0O vereador Marinaldo Souza de Oliveira (PP), foi eleito com 6 votos como novo presidente do legislativo andorinhense para o bi\u00eanio 2017-2018. Houve 3 absten\u00e7\u00f5es.<\/p>\n<p>Renato Brand\u00e3o tem 44 anos e \u00e9 natural de Andorinha. \u00c9 casado e pai de tr\u00eas filhos. Atualmente est\u00e1 cursando odontologia na FTC em Salvador. Foi vereador nas legislaturas 2005 a 2008, 2009 a 2012 e reeleito pelo partido popular em 2012 pela terceira vez.<\/p>\n<p>O novo prefeito de Andorinha foi apoiado pelo ex-prefeito Z\u00e9 Branco e obteve nas urnas 49,16% dos votos v\u00e1lidos &#8211; totalizando 4.683 votos.<\/p>\n<p><em>*Ascom Prefeitura de Andorinha<\/em><\/p>\n","protected":false},"excerpt":{"rendered":"<p>A solenidade de posse do novo chefe do executivo de Andorinha Renato Brand\u00e3o (PP), aconteceu no domingo (1\u00ba). A solenidade foi realizada em uma casa de eventos da cidade e contou com a presen\u00e7a de amigos, familiares, lideran\u00e7as pol\u00edticas e centenas de populares. Na mesma cerim\u00f4nia, foram empossados o vice-prefeito Jos\u00e9 Vitor Soares (PMDB), popular [&hellip;]<\/p>\n","protected":false},"author":2,"featured_media":14451,"comment_status":"open","ping_status":"open","sticky":false,"template":"","format":"standard","meta":{"_acf_changed":false,"_monsterinsights_skip_tracking":false,"_monsterinsights_sitenote_active":false,"_monsterinsights_sitenote_note":"","_monsterinsights_sitenote_category":0,"_jetpack_memberships_contains_paid_content":false,"footnotes":"","jetpack_publicize_message":"","jetpack_publicize_feature_enabled":true,"jetpack_social_post_already_shared":true,"jetpack_social_options":{"image_generator_settings":{"template":"highway","default_image_id":0,"font":"","enabled":false},"version":2}},"categories":[1,3,11],"tags":[],"class_list":["post-14450","post","type-post","status-publish","format-standard","has-post-thumbnail","hentry","category-noticias","category-politica","category-regional"],"acf":[],"jetpack_publicize_connections":[],"jetpack_featured_media_url":"https:\/\/i0.wp.com\/blogdoeloiltoncajuhy.com.br\/site\/wp-content\/uploads\/2017\/01\/posse-renatinho2-e1483395732873.jpg?fit=560%2C420&ssl=1","jetpack_sharing_enabled":true,"publishpress_future_workflow_manual_trigger":{"enabledWorkflows":[]},"_links":{"self":[{"href":"https:\/\/blogdoeloiltoncajuhy.com.br\/site\/wp-json\/wp\/v2\/posts\/14450","targetHints":{"allow":["GET"]}}],"collection":[{"href":"https:\/\/blogdoeloiltoncajuhy.com.br\/site\/wp-json\/wp\/v2\/posts"}],"about":[{"href":"https:\/\/blogdoeloiltoncajuhy.com.br\/site\/wp-json\/wp\/v2\/types\/post"}],"author":[{"embeddable":true,"href":"https:\/\/blogdoeloiltoncajuhy.com.br\/site\/wp-json\/wp\/v2\/users\/2"}],"replies":[{"embeddable":true,"href":"https:\/\/blogdoeloiltoncajuhy.com.br\/site\/wp-json\/wp\/v2\/comments?post=14450"}],"version-history":[{"count":1,"href":"https:\/\/blogdoeloiltoncajuhy.com.br\/site\/wp-json\/wp\/v2\/posts\/14450\/revisions"}],"predecessor-version":[{"id":14452,"href":"https:\/\/blogdoeloiltoncajuhy.com.br\/site\/wp-json\/wp\/v2\/posts\/14450\/revisions\/14452"}],"wp:featuredmedia":[{"embeddable":true,"href":"https:\/\/blogdoeloiltoncajuhy.com.br\/site\/wp-json\/wp\/v2\/media\/14451"}],"wp:attachment":[{"href":"https:\/\/blogdoeloiltoncajuhy.com.br\/site\/wp-json\/wp\/v2\/media?parent=14450"}],"wp:term":[{"taxonomy":"category","embeddable":true,"href":"https:\/\/blogdoeloiltoncajuhy.com.br\/site\/wp-json\/wp\/v2\/categories?post=14450"},{"taxonomy":"post_tag","embeddable":true,"href":"https:\/\/blogdoeloiltoncajuhy.com.br\/site\/wp-json\/wp\/v2\/tags?post=14450"}],"curies":[{"name":"wp","href":"https:\/\/api.w.org\/{rel}","templated":true}]}}