{"id":14447,"date":"2017-01-02T16:45:24","date_gmt":"2017-01-02T19:45:24","guid":{"rendered":"http:\/\/blogdoeloiltoncajuhy.com.br\/site\/?p=14447"},"modified":"2017-01-02T16:45:24","modified_gmt":"2017-01-02T19:45:24","slug":"servidores-da-prefeitura-recepcionam-brasileiro-e-ze-antonio-no-primeiro-dia-de-trabalho","status":"publish","type":"post","link":"https:\/\/blogdoeloiltoncajuhy.com.br\/site\/servidores-da-prefeitura-recepcionam-brasileiro-e-ze-antonio-no-primeiro-dia-de-trabalho\/","title":{"rendered":"Servidores da prefeitura recepcionam Brasileiro e Z\u00e9 Antonio no primeiro dia de trabalho"},"content":{"rendered":"<p><a href=\"https:\/\/i0.wp.com\/blogdoeloiltoncajuhy.com.br\/site\/wp-content\/uploads\/2017\/01\/1%C2%BA-DIA-e1483386297586.jpg\"><img data-recalc-dims=\"1\" fetchpriority=\"high\" decoding=\"async\" class=\"aligncenter size-full wp-image-14448\" src=\"https:\/\/i0.wp.com\/blogdoeloiltoncajuhy.com.br\/site\/wp-content\/uploads\/2017\/01\/1%C2%BA-DIA-e1483386297586.jpg?resize=520%2C346\" alt=\"\" width=\"520\" height=\"346\" \/><\/a>Na manh\u00e3 desta segunda-feira (02), primeiro dia \u00fatil do ano, o prefeito Carlos Brasileiro e seu vice Z\u00e9 Ant\u00f4nio foram recepcionados pelos secret\u00e1rios de governo e servidores municipais no pr\u00e9dio da prefeitura.<\/p>\n<p>As boas vindas \u00e0 nova administra\u00e7\u00e3o renovou o sentimento de esperan\u00e7a pelo retorno do desenvolvimento proposto por Brasileiro, \u201cHoje se inicia o novo governo e com ele se renovam as expectativas de todos os bonfinenses. Por isso toda a equipe de governo tem que estar afinada e trabalhar com vontade de fazer diferente. Nas duas vezes que fui prefeito, vivi intensamente o governo e espero o mesmo comportamento de cada um de cada uma de voc\u00eas. Governaremos juntos para todos os bonfinenses\u201d, finalizou.<\/p>\n<p><em>*ASCOM<\/em><br \/>\n<em>Prefeitura Municipal de Senhor do Bonfim<\/em><\/p>\n","protected":false},"excerpt":{"rendered":"<p>Na manh\u00e3 desta segunda-feira (02), primeiro dia \u00fatil do ano, o prefeito Carlos Brasileiro e seu vice Z\u00e9 Ant\u00f4nio foram recepcionados pelos secret\u00e1rios de governo e servidores municipais no pr\u00e9dio da prefeitura. As boas vindas \u00e0 nova administra\u00e7\u00e3o renovou o sentimento de esperan\u00e7a pelo retorno do desenvolvimento proposto por Brasileiro, \u201cHoje se inicia o novo [&hellip;]<\/p>\n","protected":false},"author":2,"featured_media":14448,"comment_status":"open","ping_status":"open","sticky":false,"template":"","format":"standard","meta":{"_acf_changed":false,"_monsterinsights_skip_tracking":false,"_monsterinsights_sitenote_active":false,"_monsterinsights_sitenote_note":"","_monsterinsights_sitenote_category":0,"_jetpack_memberships_contains_paid_content":false,"footnotes":"","jetpack_publicize_message":"","jetpack_publicize_feature_enabled":true,"jetpack_social_post_already_shared":true,"jetpack_social_options":{"image_generator_settings":{"template":"highway","default_image_id":0,"font":"","enabled":false},"version":2}},"categories":[1,3,4],"tags":[],"class_list":["post-14447","post","type-post","status-publish","format-standard","has-post-thumbnail","hentry","category-noticias","category-politica","category-local"],"acf":[],"jetpack_publicize_connections":[],"jetpack_featured_media_url":"https:\/\/i0.wp.com\/blogdoeloiltoncajuhy.com.br\/site\/wp-content\/uploads\/2017\/01\/1%C2%BA-DIA-e1483386297586.jpg?fit=520%2C346&ssl=1","jetpack_sharing_enabled":true,"publishpress_future_workflow_manual_trigger":{"enabledWorkflows":[]},"_links":{"self":[{"href":"https:\/\/blogdoeloiltoncajuhy.com.br\/site\/wp-json\/wp\/v2\/posts\/14447","targetHints":{"allow":["GET"]}}],"collection":[{"href":"https:\/\/blogdoeloiltoncajuhy.com.br\/site\/wp-json\/wp\/v2\/posts"}],"about":[{"href":"https:\/\/blogdoeloiltoncajuhy.com.br\/site\/wp-json\/wp\/v2\/types\/post"}],"author":[{"embeddable":true,"href":"https:\/\/blogdoeloiltoncajuhy.com.br\/site\/wp-json\/wp\/v2\/users\/2"}],"replies":[{"embeddable":true,"href":"https:\/\/blogdoeloiltoncajuhy.com.br\/site\/wp-json\/wp\/v2\/comments?post=14447"}],"version-history":[{"count":1,"href":"https:\/\/blogdoeloiltoncajuhy.com.br\/site\/wp-json\/wp\/v2\/posts\/14447\/revisions"}],"predecessor-version":[{"id":14449,"href":"https:\/\/blogdoeloiltoncajuhy.com.br\/site\/wp-json\/wp\/v2\/posts\/14447\/revisions\/14449"}],"wp:featuredmedia":[{"embeddable":true,"href":"https:\/\/blogdoeloiltoncajuhy.com.br\/site\/wp-json\/wp\/v2\/media\/14448"}],"wp:attachment":[{"href":"https:\/\/blogdoeloiltoncajuhy.com.br\/site\/wp-json\/wp\/v2\/media?parent=14447"}],"wp:term":[{"taxonomy":"category","embeddable":true,"href":"https:\/\/blogdoeloiltoncajuhy.com.br\/site\/wp-json\/wp\/v2\/categories?post=14447"},{"taxonomy":"post_tag","embeddable":true,"href":"https:\/\/blogdoeloiltoncajuhy.com.br\/site\/wp-json\/wp\/v2\/tags?post=14447"}],"curies":[{"name":"wp","href":"https:\/\/api.w.org\/{rel}","templated":true}]}}