{"id":14442,"date":"2017-01-02T12:36:13","date_gmt":"2017-01-02T15:36:13","guid":{"rendered":"http:\/\/blogdoeloiltoncajuhy.com.br\/site\/?p=14442"},"modified":"2017-01-02T14:29:20","modified_gmt":"2017-01-02T17:29:20","slug":"morre-em-salvador-o-bonfinense-val-san","status":"publish","type":"post","link":"https:\/\/blogdoeloiltoncajuhy.com.br\/site\/morre-em-salvador-o-bonfinense-val-san\/","title":{"rendered":"Morre em Salvador o bonfinense Val San"},"content":{"rendered":"<figure id=\"attachment_14443\" aria-describedby=\"caption-attachment-14443\" style=\"width: 480px\" class=\"wp-caption aligncenter\"><a href=\"https:\/\/i0.wp.com\/blogdoeloiltoncajuhy.com.br\/site\/wp-content\/uploads\/2017\/01\/val-san.jpg\"><img data-recalc-dims=\"1\" fetchpriority=\"high\" decoding=\"async\" class=\"wp-image-14443 size-full\" src=\"https:\/\/i0.wp.com\/blogdoeloiltoncajuhy.com.br\/site\/wp-content\/uploads\/2017\/01\/val-san.jpg?resize=480%2C282\" width=\"480\" height=\"282\" srcset=\"https:\/\/i0.wp.com\/blogdoeloiltoncajuhy.com.br\/site\/wp-content\/uploads\/2017\/01\/val-san.jpg?w=480&amp;ssl=1 480w, https:\/\/i0.wp.com\/blogdoeloiltoncajuhy.com.br\/site\/wp-content\/uploads\/2017\/01\/val-san.jpg?resize=300%2C176&amp;ssl=1 300w, https:\/\/i0.wp.com\/blogdoeloiltoncajuhy.com.br\/site\/wp-content\/uploads\/2017\/01\/val-san.jpg?resize=250%2C147&amp;ssl=1 250w\" sizes=\"(max-width: 480px) 100vw, 480px\" \/><\/a><figcaption id=\"caption-attachment-14443\" class=\"wp-caption-text\">Reprodu\u00e7\u00e3o Facebook<\/figcaption><\/figure>\n<p>Ele morreu na manh\u00e3 desta segunda-feira, 2 de janeiro, v\u00edtima de neoplasia pulmonar. Edval Santos, Val San, como era carinhosamente chamado, estava h\u00e1 mais de 30 dias internado num hospital em Salvador. At\u00e9 o memento n\u00e3o foi divulgado por familiares o hor\u00e1rio e local do sepultamento.<\/p>\n<p><em>*Falandotudo.com<\/em><\/p>\n<p><strong>**O BLOG DO ELOILTON CAJUHY lamenta profundamente\u00a0a morte de Val. Deixamos aqui os nossos sentimentos de pesar aos familiares e amigos.<\/strong><\/p>\n","protected":false},"excerpt":{"rendered":"<p>Ele morreu na manh\u00e3 desta segunda-feira, 2 de janeiro, v\u00edtima de neoplasia pulmonar. Edval Santos, Val San, como era carinhosamente chamado, estava h\u00e1 mais de 30 dias internado num hospital em Salvador. At\u00e9 o memento n\u00e3o foi divulgado por familiares o hor\u00e1rio e local do sepultamento. *Falandotudo.com **O BLOG DO ELOILTON CAJUHY lamenta profundamente\u00a0a morte [&hellip;]<\/p>\n","protected":false},"author":2,"featured_media":14443,"comment_status":"open","ping_status":"open","sticky":false,"template":"","format":"standard","meta":{"_acf_changed":false,"_monsterinsights_skip_tracking":false,"_monsterinsights_sitenote_active":false,"_monsterinsights_sitenote_note":"","_monsterinsights_sitenote_category":0,"_jetpack_memberships_contains_paid_content":false,"footnotes":"","jetpack_publicize_message":"","jetpack_publicize_feature_enabled":true,"jetpack_social_post_already_shared":true,"jetpack_social_options":{"image_generator_settings":{"template":"highway","default_image_id":0,"font":"","enabled":false},"version":2}},"categories":[1,4],"tags":[],"class_list":["post-14442","post","type-post","status-publish","format-standard","has-post-thumbnail","hentry","category-noticias","category-local"],"acf":[],"jetpack_publicize_connections":[],"jetpack_featured_media_url":"https:\/\/i0.wp.com\/blogdoeloiltoncajuhy.com.br\/site\/wp-content\/uploads\/2017\/01\/val-san.jpg?fit=480%2C282&ssl=1","jetpack_sharing_enabled":true,"publishpress_future_workflow_manual_trigger":{"enabledWorkflows":[]},"_links":{"self":[{"href":"https:\/\/blogdoeloiltoncajuhy.com.br\/site\/wp-json\/wp\/v2\/posts\/14442","targetHints":{"allow":["GET"]}}],"collection":[{"href":"https:\/\/blogdoeloiltoncajuhy.com.br\/site\/wp-json\/wp\/v2\/posts"}],"about":[{"href":"https:\/\/blogdoeloiltoncajuhy.com.br\/site\/wp-json\/wp\/v2\/types\/post"}],"author":[{"embeddable":true,"href":"https:\/\/blogdoeloiltoncajuhy.com.br\/site\/wp-json\/wp\/v2\/users\/2"}],"replies":[{"embeddable":true,"href":"https:\/\/blogdoeloiltoncajuhy.com.br\/site\/wp-json\/wp\/v2\/comments?post=14442"}],"version-history":[{"count":3,"href":"https:\/\/blogdoeloiltoncajuhy.com.br\/site\/wp-json\/wp\/v2\/posts\/14442\/revisions"}],"predecessor-version":[{"id":14446,"href":"https:\/\/blogdoeloiltoncajuhy.com.br\/site\/wp-json\/wp\/v2\/posts\/14442\/revisions\/14446"}],"wp:featuredmedia":[{"embeddable":true,"href":"https:\/\/blogdoeloiltoncajuhy.com.br\/site\/wp-json\/wp\/v2\/media\/14443"}],"wp:attachment":[{"href":"https:\/\/blogdoeloiltoncajuhy.com.br\/site\/wp-json\/wp\/v2\/media?parent=14442"}],"wp:term":[{"taxonomy":"category","embeddable":true,"href":"https:\/\/blogdoeloiltoncajuhy.com.br\/site\/wp-json\/wp\/v2\/categories?post=14442"},{"taxonomy":"post_tag","embeddable":true,"href":"https:\/\/blogdoeloiltoncajuhy.com.br\/site\/wp-json\/wp\/v2\/tags?post=14442"}],"curies":[{"name":"wp","href":"https:\/\/api.w.org\/{rel}","templated":true}]}}