{"id":14434,"date":"2017-01-01T23:27:58","date_gmt":"2017-01-02T02:27:58","guid":{"rendered":"http:\/\/blogdoeloiltoncajuhy.com.br\/site\/?p=14434"},"modified":"2017-01-01T23:27:58","modified_gmt":"2017-01-02T02:27:58","slug":"comece-a-segunda-feira-meditando-evangelho-jo-119-28","status":"publish","type":"post","link":"https:\/\/blogdoeloiltoncajuhy.com.br\/site\/comece-a-segunda-feira-meditando-evangelho-jo-119-28\/","title":{"rendered":"COMECE A SEGUNDA-FEIRA MEDITANDO: Evangelho (Jo 1,19-28)"},"content":{"rendered":"<p><a href=\"https:\/\/i0.wp.com\/blogdoeloiltoncajuhy.com.br\/site\/wp-content\/uploads\/2017\/01\/liturgia-02.01.17.jpg\"><img data-recalc-dims=\"1\" fetchpriority=\"high\" decoding=\"async\" class=\"aligncenter size-full wp-image-14435\" src=\"https:\/\/i0.wp.com\/blogdoeloiltoncajuhy.com.br\/site\/wp-content\/uploads\/2017\/01\/liturgia-02.01.17.jpg?resize=400%2C300\" alt=\"\" width=\"400\" height=\"300\" srcset=\"https:\/\/i0.wp.com\/blogdoeloiltoncajuhy.com.br\/site\/wp-content\/uploads\/2017\/01\/liturgia-02.01.17.jpg?w=400&amp;ssl=1 400w, https:\/\/i0.wp.com\/blogdoeloiltoncajuhy.com.br\/site\/wp-content\/uploads\/2017\/01\/liturgia-02.01.17.jpg?resize=300%2C225&amp;ssl=1 300w, https:\/\/i0.wp.com\/blogdoeloiltoncajuhy.com.br\/site\/wp-content\/uploads\/2017\/01\/liturgia-02.01.17.jpg?resize=250%2C188&amp;ssl=1 250w\" sizes=\"(max-width: 400px) 100vw, 400px\" \/><\/a>Este foi o testemunho de Jo\u00e3o, quando os judeus enviaram de Jerusal\u00e9m sacerdotes e levitas para perguntar: \u201cQuem \u00e9s tu?\u201d Jo\u00e3o confessou e n\u00e3o negou. Confessou: \u201cEu n\u00e3o sou o Messias\u201d. Eles perguntaram: \u201cQuem \u00e9s, ent\u00e3o? \u00c9s Elias?\u201d<\/p>\n<p>Jo\u00e3o respondeu: \u201cN\u00e3o sou\u201d. Eles perguntaram: \u201c\u00c9s o Profeta?\u201d Ele respondeu: \u201cN\u00e3o\u201d. Perguntaram ent\u00e3o: \u201cQuem \u00e9s, afinal? Temos de levar uma resposta \u00e0queles que nos enviaram. Que dizes de ti mesmo?\u201d<\/p>\n<p>Jo\u00e3o declarou: \u201cEu sou a voz que grita no deserto: \u2018Aplainai o caminho do Senhor\u2019\u201d \u2014 conforme disse o profeta Isa\u00edas. Ora, os que tinham sido enviados pertenciam aos fariseus e perguntaram: \u201cPor que ent\u00e3o andas batizando, se n\u00e3o \u00e9s o Messias, nem Elias, nem o Profeta?\u201d<\/p>\n<p>Jo\u00e3o respondeu: \u201cEu batizo com \u00e1gua; mas no meio de v\u00f3s est\u00e1 aquele que v\u00f3s n\u00e3o conheceis, e que vem depois de mim. Eu n\u00e3o mere\u00e7o desamarrar a correia de suas sand\u00e1lias\u201d. Isso aconteceu em Bet\u00e2nia al\u00e9m do Jord\u00e3o, onde Jo\u00e3o estava batizando.<\/p>\n<p><em>*Can\u00e7\u00e3o Nova<\/em><\/p>\n","protected":false},"excerpt":{"rendered":"<p>Este foi o testemunho de Jo\u00e3o, quando os judeus enviaram de Jerusal\u00e9m sacerdotes e levitas para perguntar: \u201cQuem \u00e9s tu?\u201d Jo\u00e3o confessou e n\u00e3o negou. Confessou: \u201cEu n\u00e3o sou o Messias\u201d. Eles perguntaram: \u201cQuem \u00e9s, ent\u00e3o? \u00c9s Elias?\u201d Jo\u00e3o respondeu: \u201cN\u00e3o sou\u201d. Eles perguntaram: \u201c\u00c9s o Profeta?\u201d Ele respondeu: \u201cN\u00e3o\u201d. Perguntaram ent\u00e3o: \u201cQuem \u00e9s, afinal? [&hellip;]<\/p>\n","protected":false},"author":2,"featured_media":14435,"comment_status":"open","ping_status":"open","sticky":false,"template":"","format":"standard","meta":{"_acf_changed":false,"_monsterinsights_skip_tracking":false,"_monsterinsights_sitenote_active":false,"_monsterinsights_sitenote_note":"","_monsterinsights_sitenote_category":0,"_jetpack_memberships_contains_paid_content":false,"footnotes":"","jetpack_publicize_message":"","jetpack_publicize_feature_enabled":true,"jetpack_social_post_already_shared":true,"jetpack_social_options":{"image_generator_settings":{"template":"highway","default_image_id":0,"font":"","enabled":false},"version":2}},"categories":[1,9],"tags":[],"class_list":["post-14434","post","type-post","status-publish","format-standard","has-post-thumbnail","hentry","category-noticias","category-reflexao"],"acf":[],"jetpack_publicize_connections":[],"jetpack_featured_media_url":"https:\/\/i0.wp.com\/blogdoeloiltoncajuhy.com.br\/site\/wp-content\/uploads\/2017\/01\/liturgia-02.01.17.jpg?fit=400%2C300&ssl=1","jetpack_sharing_enabled":true,"publishpress_future_workflow_manual_trigger":{"enabledWorkflows":[]},"_links":{"self":[{"href":"https:\/\/blogdoeloiltoncajuhy.com.br\/site\/wp-json\/wp\/v2\/posts\/14434","targetHints":{"allow":["GET"]}}],"collection":[{"href":"https:\/\/blogdoeloiltoncajuhy.com.br\/site\/wp-json\/wp\/v2\/posts"}],"about":[{"href":"https:\/\/blogdoeloiltoncajuhy.com.br\/site\/wp-json\/wp\/v2\/types\/post"}],"author":[{"embeddable":true,"href":"https:\/\/blogdoeloiltoncajuhy.com.br\/site\/wp-json\/wp\/v2\/users\/2"}],"replies":[{"embeddable":true,"href":"https:\/\/blogdoeloiltoncajuhy.com.br\/site\/wp-json\/wp\/v2\/comments?post=14434"}],"version-history":[{"count":1,"href":"https:\/\/blogdoeloiltoncajuhy.com.br\/site\/wp-json\/wp\/v2\/posts\/14434\/revisions"}],"predecessor-version":[{"id":14436,"href":"https:\/\/blogdoeloiltoncajuhy.com.br\/site\/wp-json\/wp\/v2\/posts\/14434\/revisions\/14436"}],"wp:featuredmedia":[{"embeddable":true,"href":"https:\/\/blogdoeloiltoncajuhy.com.br\/site\/wp-json\/wp\/v2\/media\/14435"}],"wp:attachment":[{"href":"https:\/\/blogdoeloiltoncajuhy.com.br\/site\/wp-json\/wp\/v2\/media?parent=14434"}],"wp:term":[{"taxonomy":"category","embeddable":true,"href":"https:\/\/blogdoeloiltoncajuhy.com.br\/site\/wp-json\/wp\/v2\/categories?post=14434"},{"taxonomy":"post_tag","embeddable":true,"href":"https:\/\/blogdoeloiltoncajuhy.com.br\/site\/wp-json\/wp\/v2\/tags?post=14434"}],"curies":[{"name":"wp","href":"https:\/\/api.w.org\/{rel}","templated":true}]}}