{"id":14429,"date":"2017-01-01T23:14:08","date_gmt":"2017-01-02T02:14:08","guid":{"rendered":"http:\/\/blogdoeloiltoncajuhy.com.br\/site\/?p=14429"},"modified":"2017-01-02T10:18:14","modified_gmt":"2017-01-02T13:18:14","slug":"bonfim-publico-lota-quadra-das-sacramentinas-para-assistir-posse-de-brasileiro","status":"publish","type":"post","link":"https:\/\/blogdoeloiltoncajuhy.com.br\/site\/bonfim-publico-lota-quadra-das-sacramentinas-para-assistir-posse-de-brasileiro\/","title":{"rendered":"BONFIM: P\u00fablico lota quadra das Sacramentinas para assistir posse de Brasileiro"},"content":{"rendered":"<figure id=\"attachment_14430\" aria-describedby=\"caption-attachment-14430\" style=\"width: 169px\" class=\"wp-caption alignright\"><a href=\"https:\/\/i0.wp.com\/blogdoeloiltoncajuhy.com.br\/site\/wp-content\/uploads\/2017\/01\/posse-brasileiro2-e1483323113755.jpg\"><img data-recalc-dims=\"1\" fetchpriority=\"high\" decoding=\"async\" class=\"wp-image-14430 size-medium\" src=\"https:\/\/i0.wp.com\/blogdoeloiltoncajuhy.com.br\/site\/wp-content\/uploads\/2017\/01\/posse-brasileiro2.jpg?resize=169%2C300\" width=\"169\" height=\"300\" \/><\/a><figcaption id=\"caption-attachment-14430\" class=\"wp-caption-text\">Sorridente, Brasileiro chega ao Col\u00e9gio Sacramentinas para a posse<\/figcaption><\/figure>\n<p>Com todas as depend\u00eancias da quadra de esportes do Col\u00e9gio Sacramentinas lotadas, o Prefeito eleito de Senhor do Bonfim, Carlos Brasileiro, e seu vice, Z\u00e9 Antonio, foram empossados neste domingo (01).<\/p>\n<p>A sess\u00e3o solene da C\u00e2mara Municipal foi presidida pelo Presidente eleito na manh\u00e3 de hoje, vereador Reinaldo Santana, &#8220;R\u00ea do Sindicato&#8221;. Depois da posse dos eleitos, foi feita a transmiss\u00e3o de cargo. Brasileiro recebeu o cargo da ex-secret\u00e1ria de Administra\u00e7\u00e3o, Adriana Longuinho, que representou o ex-prefeito Edivaldo Martins Correia.<\/p>\n<p>Em discurso emocionado, Carlos Brasileiro agradeceu a confian\u00e7a recebida da maioria da popula\u00e7\u00e3o bonfinense para governar o munic\u00edpio pela terceira vez. Anunciou que j\u00e1 neste domingo, um \u00f4nibus confort\u00e1vel e com capacidade para 30 lugares, levaria os pacientes de Bonfim para Salvador para tratamento m\u00e9dico, e garantiu que, at\u00e9 o dia 1\u00ba de fevereiro, um \u00f4nibus com 42 lugares ser\u00e1 colocado \u00e0 disposi\u00e7\u00e3o da popula\u00e7\u00e3o que precisa se deslocar at\u00e9 a capital baiana.<\/p>\n<p>Conclamou todos os secret\u00e1rios presentes ao se empenharem na tarefa de reorganizar o munic\u00edpio e trazer melhorias para a popula\u00e7\u00e3o. Pediu ao secret\u00e1rio de Cultura, Rodrigo Wanderley, &#8220;Pez\u00e3o&#8221;, a colocar o S\u00e3o Jo\u00e3o de Bonfim como o primeiro mais procurado pelos turistas. E avisou: &#8220;quero todos amanh\u00e3 na prefeitura \u00e0s sete e meia, para iniciarmos o nosso trabalho&#8221;.<\/p>\n<p>Aproveitou para informar que a partir de amanh\u00e3, v\u00e1rias equipes estar\u00e3o espalhadas por toda a cidade realizando servi\u00e7os de coleta de lixo, limpeza de ruas e terrenos baldios, poda de \u00e1rvores, e etc.<\/p>\n<figure id=\"attachment_14431\" aria-describedby=\"caption-attachment-14431\" style=\"width: 960px\" class=\"wp-caption aligncenter\"><a href=\"https:\/\/i0.wp.com\/blogdoeloiltoncajuhy.com.br\/site\/wp-content\/uploads\/2017\/01\/posse-brasileiro1.jpg\"><img data-recalc-dims=\"1\" decoding=\"async\" class=\"wp-image-14431 size-full\" src=\"https:\/\/i0.wp.com\/blogdoeloiltoncajuhy.com.br\/site\/wp-content\/uploads\/2017\/01\/posse-brasileiro1.jpg?resize=800%2C450\" width=\"800\" height=\"450\" srcset=\"https:\/\/i0.wp.com\/blogdoeloiltoncajuhy.com.br\/site\/wp-content\/uploads\/2017\/01\/posse-brasileiro1.jpg?w=960&amp;ssl=1 960w, https:\/\/i0.wp.com\/blogdoeloiltoncajuhy.com.br\/site\/wp-content\/uploads\/2017\/01\/posse-brasileiro1.jpg?resize=300%2C169&amp;ssl=1 300w, https:\/\/i0.wp.com\/blogdoeloiltoncajuhy.com.br\/site\/wp-content\/uploads\/2017\/01\/posse-brasileiro1.jpg?resize=768%2C432&amp;ssl=1 768w, https:\/\/i0.wp.com\/blogdoeloiltoncajuhy.com.br\/site\/wp-content\/uploads\/2017\/01\/posse-brasileiro1.jpg?resize=250%2C141&amp;ssl=1 250w\" sizes=\"(max-width: 800px) 100vw, 800px\" \/><\/a><figcaption id=\"caption-attachment-14431\" class=\"wp-caption-text\">P\u00fablico lotou a quadra de esportes do Col\u00e9gio Sacramentinas (Foto: Jeorge Catatau)<\/figcaption><\/figure>\n<p>Entre as autoridades presentes, o Deputado Estadual Roberto Carlos, Capit\u00e3o PM Elizando, representando o 6\u00ba BPM, o Bispo da Diocese de Bonfim, Dom Francisco Canind\u00e9, Pastor C\u00e9lio, e os secret\u00e1rios\u00a0de Sa\u00fade, Angeli Matos,\u00a0Educa\u00e7\u00e3o, Cristiane Maia,\u00a0A\u00e7\u00e3o e Desenvolvimento Social, Vera Magalh\u00e3es,\u00a0Finan\u00e7as e Planejamento, Benito Brasileiro,\u00a0Cultura, Rodrigo Wanderley (Pez\u00e3o),\u00a0Desenvolvimento da Agricultura Familiar, Damiana Duarte,\u00a0Desenvolvimento da Agropecu\u00e1ria, F\u00e1bio Cedraz,\u00a0Desenvolvimento Econ\u00f4mico, Turismo e Esporte, Gustavo Miranda,\u00a0Administra\u00e7\u00e3o, Cl\u00e1udio Nunes,\u00a0Infraestrutura e Meio Ambiente, Ivan Barbosa, Chefe de Gabinete, H\u00e9lder Amorim, al\u00e9m de outros assessores.<\/p>\n<p><em>*BLOG DO ELOILTON CAJUHY<\/em><\/p>\n","protected":false},"excerpt":{"rendered":"<p>Com todas as depend\u00eancias da quadra de esportes do Col\u00e9gio Sacramentinas lotadas, o Prefeito eleito de Senhor do Bonfim, Carlos Brasileiro, e seu vice, Z\u00e9 Antonio, foram empossados neste domingo (01). A sess\u00e3o solene da C\u00e2mara Municipal foi presidida pelo Presidente eleito na manh\u00e3 de hoje, vereador Reinaldo Santana, &#8220;R\u00ea do Sindicato&#8221;. Depois da posse [&hellip;]<\/p>\n","protected":false},"author":2,"featured_media":14431,"comment_status":"open","ping_status":"open","sticky":false,"template":"","format":"standard","meta":{"_acf_changed":false,"_monsterinsights_skip_tracking":false,"_monsterinsights_sitenote_active":false,"_monsterinsights_sitenote_note":"","_monsterinsights_sitenote_category":0,"_jetpack_memberships_contains_paid_content":false,"footnotes":"","jetpack_publicize_message":"","jetpack_publicize_feature_enabled":true,"jetpack_social_post_already_shared":true,"jetpack_social_options":{"image_generator_settings":{"template":"highway","default_image_id":0,"font":"","enabled":false},"version":2}},"categories":[1,3,4],"tags":[],"class_list":["post-14429","post","type-post","status-publish","format-standard","has-post-thumbnail","hentry","category-noticias","category-politica","category-local"],"acf":[],"jetpack_publicize_connections":[],"jetpack_featured_media_url":"https:\/\/i0.wp.com\/blogdoeloiltoncajuhy.com.br\/site\/wp-content\/uploads\/2017\/01\/posse-brasileiro1.jpg?fit=960%2C540&ssl=1","jetpack_sharing_enabled":true,"publishpress_future_workflow_manual_trigger":{"enabledWorkflows":[]},"_links":{"self":[{"href":"https:\/\/blogdoeloiltoncajuhy.com.br\/site\/wp-json\/wp\/v2\/posts\/14429","targetHints":{"allow":["GET"]}}],"collection":[{"href":"https:\/\/blogdoeloiltoncajuhy.com.br\/site\/wp-json\/wp\/v2\/posts"}],"about":[{"href":"https:\/\/blogdoeloiltoncajuhy.com.br\/site\/wp-json\/wp\/v2\/types\/post"}],"author":[{"embeddable":true,"href":"https:\/\/blogdoeloiltoncajuhy.com.br\/site\/wp-json\/wp\/v2\/users\/2"}],"replies":[{"embeddable":true,"href":"https:\/\/blogdoeloiltoncajuhy.com.br\/site\/wp-json\/wp\/v2\/comments?post=14429"}],"version-history":[{"count":3,"href":"https:\/\/blogdoeloiltoncajuhy.com.br\/site\/wp-json\/wp\/v2\/posts\/14429\/revisions"}],"predecessor-version":[{"id":14437,"href":"https:\/\/blogdoeloiltoncajuhy.com.br\/site\/wp-json\/wp\/v2\/posts\/14429\/revisions\/14437"}],"wp:featuredmedia":[{"embeddable":true,"href":"https:\/\/blogdoeloiltoncajuhy.com.br\/site\/wp-json\/wp\/v2\/media\/14431"}],"wp:attachment":[{"href":"https:\/\/blogdoeloiltoncajuhy.com.br\/site\/wp-json\/wp\/v2\/media?parent=14429"}],"wp:term":[{"taxonomy":"category","embeddable":true,"href":"https:\/\/blogdoeloiltoncajuhy.com.br\/site\/wp-json\/wp\/v2\/categories?post=14429"},{"taxonomy":"post_tag","embeddable":true,"href":"https:\/\/blogdoeloiltoncajuhy.com.br\/site\/wp-json\/wp\/v2\/tags?post=14429"}],"curies":[{"name":"wp","href":"https:\/\/api.w.org\/{rel}","templated":true}]}}