{"id":14420,"date":"2016-12-31T12:20:06","date_gmt":"2016-12-31T15:20:06","guid":{"rendered":"http:\/\/blogdoeloiltoncajuhy.com.br\/site\/?p=14420"},"modified":"2016-12-31T12:20:06","modified_gmt":"2016-12-31T15:20:06","slug":"saude-bahia-recebera-r-122-milhoes-do-ministerio-da-saude-para-combate-ao-aedes","status":"publish","type":"post","link":"https:\/\/blogdoeloiltoncajuhy.com.br\/site\/saude-bahia-recebera-r-122-milhoes-do-ministerio-da-saude-para-combate-ao-aedes\/","title":{"rendered":"SA\u00daDE: Bahia receber\u00e1 R$ 12,2 milh\u00f5es do Minist\u00e9rio da Sa\u00fade para combate ao Aedes"},"content":{"rendered":"<figure id=\"attachment_14421\" aria-describedby=\"caption-attachment-14421\" style=\"width: 300px\" class=\"wp-caption alignleft\"><a href=\"https:\/\/i0.wp.com\/blogdoeloiltoncajuhy.com.br\/site\/wp-content\/uploads\/2016\/12\/recursos-contra-dengue.jpg\"><img data-recalc-dims=\"1\" fetchpriority=\"high\" decoding=\"async\" class=\"wp-image-14421 size-medium\" src=\"https:\/\/i0.wp.com\/blogdoeloiltoncajuhy.com.br\/site\/wp-content\/uploads\/2016\/12\/recursos-contra-dengue.jpg?resize=300%2C221\" width=\"300\" height=\"221\" srcset=\"https:\/\/i0.wp.com\/blogdoeloiltoncajuhy.com.br\/site\/wp-content\/uploads\/2016\/12\/recursos-contra-dengue.jpg?resize=300%2C221&amp;ssl=1 300w, https:\/\/i0.wp.com\/blogdoeloiltoncajuhy.com.br\/site\/wp-content\/uploads\/2016\/12\/recursos-contra-dengue.jpg?resize=250%2C184&amp;ssl=1 250w, https:\/\/i0.wp.com\/blogdoeloiltoncajuhy.com.br\/site\/wp-content\/uploads\/2016\/12\/recursos-contra-dengue.jpg?w=380&amp;ssl=1 380w\" sizes=\"(max-width: 300px) 100vw, 300px\" \/><\/a><figcaption id=\"caption-attachment-14421\" class=\"wp-caption-text\">Foto: Andre Feitosa\/FAB<\/figcaption><\/figure>\n<p>O Minist\u00e9rio da Sa\u00fade vai repassar a todos os estados brasileiros e ao Distrito Federal o montante de R$ 152 milh\u00f5es para o combate ao Aedes aegypti no ver\u00e3o. A Bahia vai ficar com R$ 12,2 milh\u00f5es, a quarta maior fatia no pa\u00eds, ficando atr\u00e1s apenas de S\u00e3o Paulo, Rio de Janeiro e Minas Gerais.<\/p>\n<p>O recurso foi garantido em portaria, publicada nesta quinta-feira (29) no Di\u00e1rio Oficial da Uni\u00e3o (DOU). O pagamento ser\u00e1 feito em duas partes. A primeira parcela j\u00e1 deve come\u00e7ar a ser paga pela pasta federal. O pagamento da segunda est\u00e1 condicionado ao cumprimento de alguns crit\u00e9rios, cujas informa\u00e7\u00f5es dever\u00e3o ser consolidas pelas secretarias estaduais de sa\u00fade e repassadas ao Minist\u00e9rio at\u00e9 o dia 30 de junho de 2017.<\/p>\n<p>Na primeira etapa, a Bahia ficar\u00e1 com R$ 7,3 milh\u00f5es, enquanto na segunda o Minist\u00e9rio prev\u00ea o repasse de R$ 4,9 milh\u00f5es. &#8220;Com este refor\u00e7o financeiro, os munic\u00edpios v\u00e3o poder concentrar ainda mais esfor\u00e7os no combate ao mosquito evitando, assim, a prolifera\u00e7\u00e3o e, consequentemente a transmiss\u00e3o da dengue, v\u00edrus Zika e chikungunya&#8221;, avalia o ministro Ricardo Barros.<\/p>\n<p><em>*Bahia Not\u00edcias<\/em><\/p>\n","protected":false},"excerpt":{"rendered":"<p>O Minist\u00e9rio da Sa\u00fade vai repassar a todos os estados brasileiros e ao Distrito Federal o montante de R$ 152 milh\u00f5es para o combate ao Aedes aegypti no ver\u00e3o. A Bahia vai ficar com R$ 12,2 milh\u00f5es, a quarta maior fatia no pa\u00eds, ficando atr\u00e1s apenas de S\u00e3o Paulo, Rio de Janeiro e Minas Gerais. [&hellip;]<\/p>\n","protected":false},"author":2,"featured_media":14421,"comment_status":"open","ping_status":"open","sticky":false,"template":"","format":"standard","meta":{"_acf_changed":false,"_monsterinsights_skip_tracking":false,"_monsterinsights_sitenote_active":false,"_monsterinsights_sitenote_note":"","_monsterinsights_sitenote_category":0,"_jetpack_memberships_contains_paid_content":false,"footnotes":"","jetpack_publicize_message":"","jetpack_publicize_feature_enabled":true,"jetpack_social_post_already_shared":true,"jetpack_social_options":{"image_generator_settings":{"template":"highway","default_image_id":0,"font":"","enabled":false},"version":2}},"categories":[1,7],"tags":[],"class_list":["post-14420","post","type-post","status-publish","format-standard","has-post-thumbnail","hentry","category-noticias","category-saude"],"acf":[],"jetpack_publicize_connections":[],"jetpack_featured_media_url":"https:\/\/i0.wp.com\/blogdoeloiltoncajuhy.com.br\/site\/wp-content\/uploads\/2016\/12\/recursos-contra-dengue.jpg?fit=380%2C280&ssl=1","jetpack_sharing_enabled":true,"publishpress_future_workflow_manual_trigger":{"enabledWorkflows":[]},"_links":{"self":[{"href":"https:\/\/blogdoeloiltoncajuhy.com.br\/site\/wp-json\/wp\/v2\/posts\/14420","targetHints":{"allow":["GET"]}}],"collection":[{"href":"https:\/\/blogdoeloiltoncajuhy.com.br\/site\/wp-json\/wp\/v2\/posts"}],"about":[{"href":"https:\/\/blogdoeloiltoncajuhy.com.br\/site\/wp-json\/wp\/v2\/types\/post"}],"author":[{"embeddable":true,"href":"https:\/\/blogdoeloiltoncajuhy.com.br\/site\/wp-json\/wp\/v2\/users\/2"}],"replies":[{"embeddable":true,"href":"https:\/\/blogdoeloiltoncajuhy.com.br\/site\/wp-json\/wp\/v2\/comments?post=14420"}],"version-history":[{"count":1,"href":"https:\/\/blogdoeloiltoncajuhy.com.br\/site\/wp-json\/wp\/v2\/posts\/14420\/revisions"}],"predecessor-version":[{"id":14422,"href":"https:\/\/blogdoeloiltoncajuhy.com.br\/site\/wp-json\/wp\/v2\/posts\/14420\/revisions\/14422"}],"wp:featuredmedia":[{"embeddable":true,"href":"https:\/\/blogdoeloiltoncajuhy.com.br\/site\/wp-json\/wp\/v2\/media\/14421"}],"wp:attachment":[{"href":"https:\/\/blogdoeloiltoncajuhy.com.br\/site\/wp-json\/wp\/v2\/media?parent=14420"}],"wp:term":[{"taxonomy":"category","embeddable":true,"href":"https:\/\/blogdoeloiltoncajuhy.com.br\/site\/wp-json\/wp\/v2\/categories?post=14420"},{"taxonomy":"post_tag","embeddable":true,"href":"https:\/\/blogdoeloiltoncajuhy.com.br\/site\/wp-json\/wp\/v2\/tags?post=14420"}],"curies":[{"name":"wp","href":"https:\/\/api.w.org\/{rel}","templated":true}]}}