{"id":14414,"date":"2016-12-30T21:12:04","date_gmt":"2016-12-31T00:12:04","guid":{"rendered":"http:\/\/blogdoeloiltoncajuhy.com.br\/site\/?p=14414"},"modified":"2016-12-30T21:12:04","modified_gmt":"2016-12-31T00:12:04","slug":"comece-o-sabado-meditando-e-a-palavra-se-fez-carne-e-habitou-entre-nos-jo-11-18","status":"publish","type":"post","link":"https:\/\/blogdoeloiltoncajuhy.com.br\/site\/comece-o-sabado-meditando-e-a-palavra-se-fez-carne-e-habitou-entre-nos-jo-11-18\/","title":{"rendered":"COMECE O S\u00c1BADO MEDITANDO: &#8220;E a Palavra se fez carne e habitou entre n\u00f3s&#8221; &#8211; Jo 1,1-18"},"content":{"rendered":"<p><a href=\"https:\/\/i0.wp.com\/blogdoeloiltoncajuhy.com.br\/site\/wp-content\/uploads\/2015\/10\/liturgia_diaria.jpg\"><img data-recalc-dims=\"1\" fetchpriority=\"high\" decoding=\"async\" class=\"wp-image-4757 size-medium alignleft\" src=\"https:\/\/i0.wp.com\/blogdoeloiltoncajuhy.com.br\/site\/wp-content\/uploads\/2015\/10\/liturgia_diaria.jpg?resize=300%2C227\" width=\"300\" height=\"227\" srcset=\"https:\/\/i0.wp.com\/blogdoeloiltoncajuhy.com.br\/site\/wp-content\/uploads\/2015\/10\/liturgia_diaria.jpg?resize=300%2C227&amp;ssl=1 300w, https:\/\/i0.wp.com\/blogdoeloiltoncajuhy.com.br\/site\/wp-content\/uploads\/2015\/10\/liturgia_diaria.jpg?resize=250%2C189&amp;ssl=1 250w, https:\/\/i0.wp.com\/blogdoeloiltoncajuhy.com.br\/site\/wp-content\/uploads\/2015\/10\/liturgia_diaria.jpg?w=449&amp;ssl=1 449w\" sizes=\"(max-width: 300px) 100vw, 300px\" \/><\/a>No princ\u00edpio era a Palavra, e a Palavra estava com Deus; e a Palavra era Deus. No princ\u00edpio, estava ela com Deus. Tudo foi feito por ela e sem ela nada se fez de tudo que foi feito. Nela estava a vida, e a vida era a luz dos homens. E a luz brilha nas trevas, e as trevas n\u00e3o conseguiram domin\u00e1-la.<\/p>\n<p>Surgiu um homem enviado por Deus; seu nome era Jo\u00e3o. Ele veio como testemunha, para dar testemunho da luz, para que todos chegassem \u00e0 f\u00e9 por meio dele. Ele n\u00e3o era a luz, mas veio para dar testemunho da luz: daquele que era a luz de verdade, que, vindo ao mundo, ilumina todo ser humano.<\/p>\n<p>A Palavra estava no mundo \u2013 e o mundo foi feito por meio dela \u2013 mas o mundo n\u00e3o quis conhec\u00ea-la. Veio para o que era seu, e os seus n\u00e3o a acolheram. Mas, a todos os que a receberam, deu-lhes capacidade de se tornar filhos de Deus, isto \u00e9, aos que acreditam em seu nome, pois estes n\u00e3o nasceram do sangue, nem da vontade da carne, nem da vontade do var\u00e3o, mas de Deus mesmo.<\/p>\n<p>E a Palavra se fez carne e habitou entre n\u00f3s. E n\u00f3s contemplamos a sua gl\u00f3ria, gl\u00f3ria que recebe do Pai como Filho unig\u00eanito, cheio de gra\u00e7a e de verdade. Dele, Jo\u00e3o d\u00e1 testemunho, clamando: \u201cEste \u00e9 aquele de quem eu disse: O que vem depois de mim passou \u00e0 minha frente, porque ele existia antes de mim\u201d. De sua plenitude todos n\u00f3s recebemos gra\u00e7a por gra\u00e7a. Pois por meio de Mois\u00e9s foi dada a Lei, mas a gra\u00e7a e a verdade nos chegaram atrav\u00e9s de Jesus Cristo. A Deus, ningu\u00e9m jamais viu. Mas o Unig\u00eanito de Deus, que est\u00e1 na intimidade do Pai, ele no-lo deu a conhecer.<\/p>\n<p><em>*Can\u00e7\u00e3o Nova<\/em><\/p>\n","protected":false},"excerpt":{"rendered":"<p>No princ\u00edpio era a Palavra, e a Palavra estava com Deus; e a Palavra era Deus. No princ\u00edpio, estava ela com Deus. Tudo foi feito por ela e sem ela nada se fez de tudo que foi feito. Nela estava a vida, e a vida era a luz dos homens. E a luz brilha nas [&hellip;]<\/p>\n","protected":false},"author":2,"featured_media":0,"comment_status":"open","ping_status":"open","sticky":false,"template":"","format":"standard","meta":{"_acf_changed":false,"_monsterinsights_skip_tracking":false,"_monsterinsights_sitenote_active":false,"_monsterinsights_sitenote_note":"","_monsterinsights_sitenote_category":0,"_jetpack_memberships_contains_paid_content":false,"footnotes":"","jetpack_publicize_message":"","jetpack_publicize_feature_enabled":true,"jetpack_social_post_already_shared":true,"jetpack_social_options":{"image_generator_settings":{"template":"highway","default_image_id":0,"font":"","enabled":false},"version":2}},"categories":[1,9],"tags":[],"class_list":["post-14414","post","type-post","status-publish","format-standard","hentry","category-noticias","category-reflexao"],"acf":[],"jetpack_publicize_connections":[],"jetpack_featured_media_url":"","jetpack_sharing_enabled":true,"publishpress_future_workflow_manual_trigger":{"enabledWorkflows":[]},"_links":{"self":[{"href":"https:\/\/blogdoeloiltoncajuhy.com.br\/site\/wp-json\/wp\/v2\/posts\/14414","targetHints":{"allow":["GET"]}}],"collection":[{"href":"https:\/\/blogdoeloiltoncajuhy.com.br\/site\/wp-json\/wp\/v2\/posts"}],"about":[{"href":"https:\/\/blogdoeloiltoncajuhy.com.br\/site\/wp-json\/wp\/v2\/types\/post"}],"author":[{"embeddable":true,"href":"https:\/\/blogdoeloiltoncajuhy.com.br\/site\/wp-json\/wp\/v2\/users\/2"}],"replies":[{"embeddable":true,"href":"https:\/\/blogdoeloiltoncajuhy.com.br\/site\/wp-json\/wp\/v2\/comments?post=14414"}],"version-history":[{"count":1,"href":"https:\/\/blogdoeloiltoncajuhy.com.br\/site\/wp-json\/wp\/v2\/posts\/14414\/revisions"}],"predecessor-version":[{"id":14415,"href":"https:\/\/blogdoeloiltoncajuhy.com.br\/site\/wp-json\/wp\/v2\/posts\/14414\/revisions\/14415"}],"wp:attachment":[{"href":"https:\/\/blogdoeloiltoncajuhy.com.br\/site\/wp-json\/wp\/v2\/media?parent=14414"}],"wp:term":[{"taxonomy":"category","embeddable":true,"href":"https:\/\/blogdoeloiltoncajuhy.com.br\/site\/wp-json\/wp\/v2\/categories?post=14414"},{"taxonomy":"post_tag","embeddable":true,"href":"https:\/\/blogdoeloiltoncajuhy.com.br\/site\/wp-json\/wp\/v2\/tags?post=14414"}],"curies":[{"name":"wp","href":"https:\/\/api.w.org\/{rel}","templated":true}]}}