{"id":14410,"date":"2016-12-30T21:05:09","date_gmt":"2016-12-31T00:05:09","guid":{"rendered":"http:\/\/blogdoeloiltoncajuhy.com.br\/site\/?p=14410"},"modified":"2016-12-30T21:05:09","modified_gmt":"2016-12-31T00:05:09","slug":"bonfim-brasileiro-e-ze-antonio-participam-de-culto-evangelico","status":"publish","type":"post","link":"https:\/\/blogdoeloiltoncajuhy.com.br\/site\/bonfim-brasileiro-e-ze-antonio-participam-de-culto-evangelico\/","title":{"rendered":"BONFIM: Brasileiro e Z\u00e9 Ant\u00f4nio participam de culto evang\u00e9lico"},"content":{"rendered":"<p><a href=\"https:\/\/i0.wp.com\/blogdoeloiltoncajuhy.com.br\/site\/wp-content\/uploads\/2016\/12\/Brasileiro-culto1-e1483142604498.jpg\"><img data-recalc-dims=\"1\" fetchpriority=\"high\" decoding=\"async\" class=\"aligncenter size-full wp-image-14411\" src=\"https:\/\/i0.wp.com\/blogdoeloiltoncajuhy.com.br\/site\/wp-content\/uploads\/2016\/12\/Brasileiro-culto1-e1483142604498.jpg?resize=550%2C367\" alt=\"\" width=\"550\" height=\"367\" \/><\/a>Seguindo os eventos alusivos \u00e0\u00a0solenidade de posse, o prefeito eleito Carlos Brasileiro, acompanhado de seu vice Z\u00e9 Ant\u00f4nio e secret\u00e1rios de governo, participou na noite desta quinta-feira, 29, de culto evang\u00e9lico promovido pela Igreja Batista Nova Si\u00e3o. Ao lado da fam\u00edlia, os pol\u00edticos agradeceram a vit\u00f3ria conquistada no ultimo pleito e pediram a b\u00ean\u00e7\u00e3o de Deus para enfrentar todos os desafios ao assumirem a administrar\u00e3o do munic\u00edpio pelos pr\u00f3ximos quatro anos.<\/p>\n<p>Durante sua prega\u00e7\u00e3o o Pastor Josim\u00e1rio Jo\u00e3o da Silva parabenizou Brasileiro e Z\u00e9 Ant\u00f4nio pela vitoria nas elei\u00e7\u00f5es e desejou sorte aos secret\u00e1rios que ir\u00e3o compor a equipe de governo. \u201cGostaria de parabenizar o prefeito e seu vice pela vitoria nas urnas e parabenizar pela escolha dos secret\u00e1rios que ser\u00e3o a base de sustenta\u00e7\u00e3o ao governo. Pe\u00e7o que Deus ilumine toda equipe para que possamos ver nossa cidade melhorar e, acima de tudo, ver o cidad\u00e3o bonfinense valorizado. A maior riqueza de Senhor do Bonfim \u00e9 o bonfinense. Investir no bonfinense \u00e9 reconhecer o valor do seu povo\u201d, falou.<\/p>\n<p><a href=\"https:\/\/i0.wp.com\/blogdoeloiltoncajuhy.com.br\/site\/wp-content\/uploads\/2016\/12\/Brasileiro-culto2-e1483142658605.jpg\"><img data-recalc-dims=\"1\" decoding=\"async\" class=\"aligncenter size-full wp-image-14412\" src=\"https:\/\/i0.wp.com\/blogdoeloiltoncajuhy.com.br\/site\/wp-content\/uploads\/2016\/12\/Brasileiro-culto2-e1483142658605.jpg?resize=550%2C367\" alt=\"\" width=\"550\" height=\"367\" \/><\/a>Em seu pronunciamento Brasileiro se mostrou muito feliz por governar pela terceira vez a sua cidade natal e mais uma vez agradeceu a todos que acreditaram e deram voto de confian\u00e7a em seu trabalho como gestor do munic\u00edpio. Concluiu pedindo prote\u00e7\u00e3o divina a toda sua equipe de governo que ir\u00e1 reconduzir Senhor do Bonfim ao caminho do desenvolvimento.<\/p>\n<p>Participaram ainda do culto os vereadores eleitos Herm\u00f3genes Almeida, Cleiton Vieira e Elizeu dos Temperos.<\/p>\n<p><em>*Ascom Brasileiro<\/em><\/p>\n","protected":false},"excerpt":{"rendered":"<p>Seguindo os eventos alusivos \u00e0\u00a0solenidade de posse, o prefeito eleito Carlos Brasileiro, acompanhado de seu vice Z\u00e9 Ant\u00f4nio e secret\u00e1rios de governo, participou na noite desta quinta-feira, 29, de culto evang\u00e9lico promovido pela Igreja Batista Nova Si\u00e3o. Ao lado da fam\u00edlia, os pol\u00edticos agradeceram a vit\u00f3ria conquistada no ultimo pleito e pediram a b\u00ean\u00e7\u00e3o de [&hellip;]<\/p>\n","protected":false},"author":2,"featured_media":14412,"comment_status":"open","ping_status":"open","sticky":false,"template":"","format":"standard","meta":{"_acf_changed":false,"_monsterinsights_skip_tracking":false,"_monsterinsights_sitenote_active":false,"_monsterinsights_sitenote_note":"","_monsterinsights_sitenote_category":0,"_jetpack_memberships_contains_paid_content":false,"footnotes":"","jetpack_publicize_message":"","jetpack_publicize_feature_enabled":true,"jetpack_social_post_already_shared":true,"jetpack_social_options":{"image_generator_settings":{"template":"highway","default_image_id":0,"font":"","enabled":false},"version":2}},"categories":[1,3,4],"tags":[],"class_list":["post-14410","post","type-post","status-publish","format-standard","has-post-thumbnail","hentry","category-noticias","category-politica","category-local"],"acf":[],"jetpack_publicize_connections":[],"jetpack_featured_media_url":"https:\/\/i0.wp.com\/blogdoeloiltoncajuhy.com.br\/site\/wp-content\/uploads\/2016\/12\/Brasileiro-culto2-e1483142658605.jpg?fit=550%2C367&ssl=1","jetpack_sharing_enabled":true,"publishpress_future_workflow_manual_trigger":{"enabledWorkflows":[]},"_links":{"self":[{"href":"https:\/\/blogdoeloiltoncajuhy.com.br\/site\/wp-json\/wp\/v2\/posts\/14410","targetHints":{"allow":["GET"]}}],"collection":[{"href":"https:\/\/blogdoeloiltoncajuhy.com.br\/site\/wp-json\/wp\/v2\/posts"}],"about":[{"href":"https:\/\/blogdoeloiltoncajuhy.com.br\/site\/wp-json\/wp\/v2\/types\/post"}],"author":[{"embeddable":true,"href":"https:\/\/blogdoeloiltoncajuhy.com.br\/site\/wp-json\/wp\/v2\/users\/2"}],"replies":[{"embeddable":true,"href":"https:\/\/blogdoeloiltoncajuhy.com.br\/site\/wp-json\/wp\/v2\/comments?post=14410"}],"version-history":[{"count":1,"href":"https:\/\/blogdoeloiltoncajuhy.com.br\/site\/wp-json\/wp\/v2\/posts\/14410\/revisions"}],"predecessor-version":[{"id":14413,"href":"https:\/\/blogdoeloiltoncajuhy.com.br\/site\/wp-json\/wp\/v2\/posts\/14410\/revisions\/14413"}],"wp:featuredmedia":[{"embeddable":true,"href":"https:\/\/blogdoeloiltoncajuhy.com.br\/site\/wp-json\/wp\/v2\/media\/14412"}],"wp:attachment":[{"href":"https:\/\/blogdoeloiltoncajuhy.com.br\/site\/wp-json\/wp\/v2\/media?parent=14410"}],"wp:term":[{"taxonomy":"category","embeddable":true,"href":"https:\/\/blogdoeloiltoncajuhy.com.br\/site\/wp-json\/wp\/v2\/categories?post=14410"},{"taxonomy":"post_tag","embeddable":true,"href":"https:\/\/blogdoeloiltoncajuhy.com.br\/site\/wp-json\/wp\/v2\/tags?post=14410"}],"curies":[{"name":"wp","href":"https:\/\/api.w.org\/{rel}","templated":true}]}}