{"id":14398,"date":"2016-12-30T07:29:18","date_gmt":"2016-12-30T10:29:18","guid":{"rendered":"http:\/\/blogdoeloiltoncajuhy.com.br\/site\/?p=14398"},"modified":"2016-12-30T07:29:18","modified_gmt":"2016-12-30T10:29:18","slug":"bonfim-carlos-brasileiro-apresenta-plano-de-acao-durante-coletiva-de-imprensa","status":"publish","type":"post","link":"https:\/\/blogdoeloiltoncajuhy.com.br\/site\/bonfim-carlos-brasileiro-apresenta-plano-de-acao-durante-coletiva-de-imprensa\/","title":{"rendered":"BONFIM: Carlos Brasileiro apresenta plano de a\u00e7\u00e3o durante coletiva de Imprensa"},"content":{"rendered":"<p><a href=\"https:\/\/i0.wp.com\/blogdoeloiltoncajuhy.com.br\/site\/wp-content\/uploads\/2016\/12\/Brasileiro-coletiva-novo-leste2-e1483093743512.jpg\"><img data-recalc-dims=\"1\" fetchpriority=\"high\" decoding=\"async\" class=\"aligncenter size-full wp-image-14399\" src=\"https:\/\/i0.wp.com\/blogdoeloiltoncajuhy.com.br\/site\/wp-content\/uploads\/2016\/12\/Brasileiro-coletiva-novo-leste2-e1483093743512.jpg?resize=600%2C400\" alt=\"\" width=\"600\" height=\"400\" \/><\/a>O prefeito Carlos Brasileiro de Senhor do Bonfim, eleito com 62.40% dos votos na elei\u00e7\u00e3o municipal do dia 02 de outubro, ao lado do vice-prefeito, Jos\u00e9 Ant\u00f4nio e sua equipe de secret\u00e1rios para gest\u00e3o 2017-2020, reuniu a imprensa no audit\u00f3rio do Novo Leste Hotel, para uma entrevista coletiva.<\/p>\n<p>Durante a entrevista, que aconteceu na manh\u00e3 desta quinta-feira (29), Brasileiro abordou diversos assuntos que visam a retomando do desenvolvimento no munic\u00edpio. O novo prefeito falou sobre importantes a\u00e7\u00f5es e projetos que ser\u00e3o desenvolvidos em parceria com o governo Federal, Estadual e a inciativa privada. \u201cA nossa meta \u00e9 colocar Senhor do Bonfim entre as 15 maiores economias da Bahia\u201d, enfatizou. Atualmente o munic\u00edpio ocupa a 38\u00aa posi\u00e7\u00e3o.<\/p>\n<p>O futuro chefe do executivo confirmou que no m\u00ednimo dez obras importantes ser\u00e3o conclu\u00eddas e entregues at\u00e9 o m\u00eas de maio \u00e0 popula\u00e7\u00e3o bonfinense, m\u00eas de anivers\u00e1rio do munic\u00edpio. A partir do dia 1\u00ba de janeiro, Brasileiro promete uma grande for\u00e7a-tarefa para realizar a\u00e7\u00f5es de pinturas, podagem, retirada de entulhos, limpeza de terrenos baldios, recupera\u00e7\u00e3o de pavimentos das ruas da sede e zona rural, melhorarias no sistema de ilumina\u00e7\u00e3o p\u00fablica, entre outros servi\u00e7os que visam recuperar a cidade.<\/p>\n<p>Na conversa com os comunicadores, o novo prefeito, acompanhado dos dez secret\u00e1rios de governo, abordou pontos que ser\u00e3o prioridade na sua futura gest\u00e3o, entre eles, a implanta\u00e7\u00e3o da Policl\u00ednica Regional, saneamento b\u00e1sico da cidade, aterro sanit\u00e1rio, pista de pouso e asfalto do Quic\u00e9, revitaliza\u00e7\u00e3o da feira livre, constru\u00e7\u00e3o do Mercado Popular e a reforma do Mercado Municipal, funcionamento da Unidade de Pronto Atendimento (UPA), implanta\u00e7\u00e3o de fabricas e a constru\u00e7\u00e3o de um frigor\u00edfico atrav\u00e9s da inciativa privada, melhorias no atendimento m\u00e9dico na rede municipal de sa\u00fade, concurso p\u00fablico, emendas parlamentares, resgate dos festejos natalinos, carnaval e o t\u00edtulo de melhor S\u00e3o Jo\u00e3o da Bahia. A entrevista foi transmitida ao vivo pela internet e pela R\u00e1dio Cara\u00edba.<\/p>\n<p>Participaram da coletiva de imprensa os representantes dos seguintes ve\u00edculos de comunica\u00e7\u00e3o: TV Bonfim, Blog do Cleber Vieira, Falandotudo.com, Maravilha Not\u00edcias, Nonato Noticias, Ivan Silva, Blog do Eloilton Cajuhy, Princesa FM, Rainha FM, R\u00e1dio Cara\u00edba AM, Bonfim Not\u00edcias, Blog Carni\u00e7a Bonfinense, Blog do Bamberg e Diz Augusto.<\/p>\n<p><em><strong>Assista a entrevista na \u00edntegra:<\/strong><\/em><\/p>\n<p><iframe title=\"Coletiva de Imprensa [29\/12\/2016]\" width=\"800\" height=\"450\" src=\"https:\/\/www.youtube.com\/embed\/QzJ9TF8ZXp8?feature=oembed\" frameborder=\"0\" allow=\"accelerometer; autoplay; encrypted-media; gyroscope; picture-in-picture\" allowfullscreen><\/iframe><\/p>\n<p>ASCOM\/Brasileiro<\/p>\n","protected":false},"excerpt":{"rendered":"<p>O prefeito Carlos Brasileiro de Senhor do Bonfim, eleito com 62.40% dos votos na elei\u00e7\u00e3o municipal do dia 02 de outubro, ao lado do vice-prefeito, Jos\u00e9 Ant\u00f4nio e sua equipe de secret\u00e1rios para gest\u00e3o 2017-2020, reuniu a imprensa no audit\u00f3rio do Novo Leste Hotel, para uma entrevista coletiva. Durante a entrevista, que aconteceu na manh\u00e3 [&hellip;]<\/p>\n","protected":false},"author":2,"featured_media":14399,"comment_status":"open","ping_status":"open","sticky":false,"template":"","format":"standard","meta":{"_acf_changed":false,"_monsterinsights_skip_tracking":false,"_monsterinsights_sitenote_active":false,"_monsterinsights_sitenote_note":"","_monsterinsights_sitenote_category":0,"_jetpack_memberships_contains_paid_content":false,"footnotes":"","jetpack_publicize_message":"","jetpack_publicize_feature_enabled":true,"jetpack_social_post_already_shared":true,"jetpack_social_options":{"image_generator_settings":{"template":"highway","default_image_id":0,"font":"","enabled":false},"version":2}},"categories":[1,3,4],"tags":[],"class_list":["post-14398","post","type-post","status-publish","format-standard","has-post-thumbnail","hentry","category-noticias","category-politica","category-local"],"acf":[],"jetpack_publicize_connections":[],"jetpack_featured_media_url":"https:\/\/i0.wp.com\/blogdoeloiltoncajuhy.com.br\/site\/wp-content\/uploads\/2016\/12\/Brasileiro-coletiva-novo-leste2-e1483093743512.jpg?fit=600%2C400&ssl=1","jetpack_sharing_enabled":true,"publishpress_future_workflow_manual_trigger":{"enabledWorkflows":[]},"_links":{"self":[{"href":"https:\/\/blogdoeloiltoncajuhy.com.br\/site\/wp-json\/wp\/v2\/posts\/14398","targetHints":{"allow":["GET"]}}],"collection":[{"href":"https:\/\/blogdoeloiltoncajuhy.com.br\/site\/wp-json\/wp\/v2\/posts"}],"about":[{"href":"https:\/\/blogdoeloiltoncajuhy.com.br\/site\/wp-json\/wp\/v2\/types\/post"}],"author":[{"embeddable":true,"href":"https:\/\/blogdoeloiltoncajuhy.com.br\/site\/wp-json\/wp\/v2\/users\/2"}],"replies":[{"embeddable":true,"href":"https:\/\/blogdoeloiltoncajuhy.com.br\/site\/wp-json\/wp\/v2\/comments?post=14398"}],"version-history":[{"count":1,"href":"https:\/\/blogdoeloiltoncajuhy.com.br\/site\/wp-json\/wp\/v2\/posts\/14398\/revisions"}],"predecessor-version":[{"id":14400,"href":"https:\/\/blogdoeloiltoncajuhy.com.br\/site\/wp-json\/wp\/v2\/posts\/14398\/revisions\/14400"}],"wp:featuredmedia":[{"embeddable":true,"href":"https:\/\/blogdoeloiltoncajuhy.com.br\/site\/wp-json\/wp\/v2\/media\/14399"}],"wp:attachment":[{"href":"https:\/\/blogdoeloiltoncajuhy.com.br\/site\/wp-json\/wp\/v2\/media?parent=14398"}],"wp:term":[{"taxonomy":"category","embeddable":true,"href":"https:\/\/blogdoeloiltoncajuhy.com.br\/site\/wp-json\/wp\/v2\/categories?post=14398"},{"taxonomy":"post_tag","embeddable":true,"href":"https:\/\/blogdoeloiltoncajuhy.com.br\/site\/wp-json\/wp\/v2\/tags?post=14398"}],"curies":[{"name":"wp","href":"https:\/\/api.w.org\/{rel}","templated":true}]}}