{"id":14394,"date":"2016-12-29T21:52:24","date_gmt":"2016-12-30T00:52:24","guid":{"rendered":"http:\/\/blogdoeloiltoncajuhy.com.br\/site\/?p=14394"},"modified":"2016-12-29T21:52:24","modified_gmt":"2016-12-30T00:52:24","slug":"comece-a-sexta-feira-meditando-do-egito-chamei-o-meu-filho-mt-213-15-19-23","status":"publish","type":"post","link":"https:\/\/blogdoeloiltoncajuhy.com.br\/site\/comece-a-sexta-feira-meditando-do-egito-chamei-o-meu-filho-mt-213-15-19-23\/","title":{"rendered":"COMECE A SEXTA-FEIRA MEDITANDO: &#8220;Do Egito chamei o meu filho!&#8221; &#8211; Mt 2,13-15.19-23"},"content":{"rendered":"<p><a href=\"https:\/\/i0.wp.com\/blogdoeloiltoncajuhy.com.br\/site\/wp-content\/uploads\/2015\/10\/liturgia_diaria.jpg\"><img data-recalc-dims=\"1\" fetchpriority=\"high\" decoding=\"async\" class=\"wp-image-4757 size-medium alignright\" src=\"https:\/\/i0.wp.com\/blogdoeloiltoncajuhy.com.br\/site\/wp-content\/uploads\/2015\/10\/liturgia_diaria.jpg?resize=300%2C227\" width=\"300\" height=\"227\" srcset=\"https:\/\/i0.wp.com\/blogdoeloiltoncajuhy.com.br\/site\/wp-content\/uploads\/2015\/10\/liturgia_diaria.jpg?resize=300%2C227&amp;ssl=1 300w, https:\/\/i0.wp.com\/blogdoeloiltoncajuhy.com.br\/site\/wp-content\/uploads\/2015\/10\/liturgia_diaria.jpg?resize=250%2C189&amp;ssl=1 250w, https:\/\/i0.wp.com\/blogdoeloiltoncajuhy.com.br\/site\/wp-content\/uploads\/2015\/10\/liturgia_diaria.jpg?w=449&amp;ssl=1 449w\" sizes=\"(max-width: 300px) 100vw, 300px\" \/><\/a>Depois que os magos partiram, o Anjo do Senhor apareceu em sonho a Jos\u00e9 e lhe disse: \u201cLevanta-te, pega o menino e sua m\u00e3e e foge para o Egito! Fica l\u00e1 at\u00e9 que eu te avise! Porque Herodes vai procurar o menino para mat\u00e1-lo\u201d.<\/p>\n<p>Jos\u00e9 levantou-se de noite, pegou o menino e sua m\u00e3e, e partiu para o Egito.<\/p>\n<p>Ali ficou at\u00e9 a morte de Herodes, para se cumprir o que o Senhor havia dito pelo profeta: \u201cDo Egito chamei o meu Filho\u201d.<\/p>\n<p>Quando Herodes morreu, o anjo do Senhor apareceu em sonho a Jos\u00e9, no Egito, e lhe disse: \u201cLevanta-te, pega o menino e sua m\u00e3e, e volta para a terra de Israel; pois aqueles que procuravam matar o menino j\u00e1 est\u00e3o mortos\u201d.<\/p>\n<p>Jos\u00e9 levantou-se, pegou o menino e sua m\u00e3e, e entrou na terra de Israel. Mas, quando soube que Arquelau reinava na Judeia, no lugar de seu pai Herodes, teve medo de ir para l\u00e1. Por isso, depois de receber um aviso em sonho, Jos\u00e9 retirou-se para a regi\u00e3o da Galileia, e foi morar numa cidade chamada Nazar\u00e9. Isso aconteceu para se cumprir o que foi dito pelos profetas: \u201cEle ser\u00e1 chamado Nazareno\u201d.<\/p>\n<p><em>*Can\u00e7\u00e3o Nova<\/em><\/p>\n","protected":false},"excerpt":{"rendered":"<p>Depois que os magos partiram, o Anjo do Senhor apareceu em sonho a Jos\u00e9 e lhe disse: \u201cLevanta-te, pega o menino e sua m\u00e3e e foge para o Egito! Fica l\u00e1 at\u00e9 que eu te avise! Porque Herodes vai procurar o menino para mat\u00e1-lo\u201d. Jos\u00e9 levantou-se de noite, pegou o menino e sua m\u00e3e, e [&hellip;]<\/p>\n","protected":false},"author":2,"featured_media":0,"comment_status":"open","ping_status":"open","sticky":false,"template":"","format":"standard","meta":{"_acf_changed":false,"_monsterinsights_skip_tracking":false,"_monsterinsights_sitenote_active":false,"_monsterinsights_sitenote_note":"","_monsterinsights_sitenote_category":0,"_jetpack_memberships_contains_paid_content":false,"footnotes":"","jetpack_publicize_message":"","jetpack_publicize_feature_enabled":true,"jetpack_social_post_already_shared":true,"jetpack_social_options":{"image_generator_settings":{"template":"highway","default_image_id":0,"font":"","enabled":false},"version":2}},"categories":[1,9],"tags":[],"class_list":["post-14394","post","type-post","status-publish","format-standard","hentry","category-noticias","category-reflexao"],"acf":[],"jetpack_publicize_connections":[],"jetpack_featured_media_url":"","jetpack_sharing_enabled":true,"publishpress_future_workflow_manual_trigger":{"enabledWorkflows":[]},"_links":{"self":[{"href":"https:\/\/blogdoeloiltoncajuhy.com.br\/site\/wp-json\/wp\/v2\/posts\/14394","targetHints":{"allow":["GET"]}}],"collection":[{"href":"https:\/\/blogdoeloiltoncajuhy.com.br\/site\/wp-json\/wp\/v2\/posts"}],"about":[{"href":"https:\/\/blogdoeloiltoncajuhy.com.br\/site\/wp-json\/wp\/v2\/types\/post"}],"author":[{"embeddable":true,"href":"https:\/\/blogdoeloiltoncajuhy.com.br\/site\/wp-json\/wp\/v2\/users\/2"}],"replies":[{"embeddable":true,"href":"https:\/\/blogdoeloiltoncajuhy.com.br\/site\/wp-json\/wp\/v2\/comments?post=14394"}],"version-history":[{"count":1,"href":"https:\/\/blogdoeloiltoncajuhy.com.br\/site\/wp-json\/wp\/v2\/posts\/14394\/revisions"}],"predecessor-version":[{"id":14395,"href":"https:\/\/blogdoeloiltoncajuhy.com.br\/site\/wp-json\/wp\/v2\/posts\/14394\/revisions\/14395"}],"wp:attachment":[{"href":"https:\/\/blogdoeloiltoncajuhy.com.br\/site\/wp-json\/wp\/v2\/media?parent=14394"}],"wp:term":[{"taxonomy":"category","embeddable":true,"href":"https:\/\/blogdoeloiltoncajuhy.com.br\/site\/wp-json\/wp\/v2\/categories?post=14394"},{"taxonomy":"post_tag","embeddable":true,"href":"https:\/\/blogdoeloiltoncajuhy.com.br\/site\/wp-json\/wp\/v2\/tags?post=14394"}],"curies":[{"name":"wp","href":"https:\/\/api.w.org\/{rel}","templated":true}]}}