{"id":14391,"date":"2016-12-29T19:28:40","date_gmt":"2016-12-29T22:28:40","guid":{"rendered":"http:\/\/blogdoeloiltoncajuhy.com.br\/site\/?p=14391"},"modified":"2016-12-29T19:28:40","modified_gmt":"2016-12-29T22:28:40","slug":"educacao-lei-garante-vagas-para-pessoas-com-deficiencia-na-educacao-tecnica-e-superior","status":"publish","type":"post","link":"https:\/\/blogdoeloiltoncajuhy.com.br\/site\/educacao-lei-garante-vagas-para-pessoas-com-deficiencia-na-educacao-tecnica-e-superior\/","title":{"rendered":"EDUCA\u00c7\u00c3O: Lei garante vagas para pessoas com defici\u00eancia na educa\u00e7\u00e3o t\u00e9cnica e superior"},"content":{"rendered":"<p><a href=\"https:\/\/i0.wp.com\/blogdoeloiltoncajuhy.com.br\/site\/wp-content\/uploads\/2016\/12\/cadeirante-e1483050508203.jpg\"><img data-recalc-dims=\"1\" fetchpriority=\"high\" decoding=\"async\" class=\"aligncenter size-full wp-image-14392\" src=\"https:\/\/i0.wp.com\/blogdoeloiltoncajuhy.com.br\/site\/wp-content\/uploads\/2016\/12\/cadeirante-e1483050508203.jpg?resize=550%2C366\" alt=\"\" width=\"550\" height=\"366\" \/><\/a>O presidente Michel Temer sancionou a Lei 13.409, que inclui pessoas com defici\u00eancia entre os benefici\u00e1rios de reserva de vagas nas universidades federais e nas escolas federais de ensino m\u00e9dio t\u00e9cnico. A cota para estudantes vindos de escolas p\u00fablicas j\u00e1 previa a destina\u00e7\u00e3o de vagas para pessoas de baixa renda, negros, pardos e ind\u00edgenas.<\/p>\n<p>O texto sancionado est\u00e1 publicado na edi\u00e7\u00e3o de hoje (29) do Di\u00e1rio Oficial da Uni\u00e3o e altera a Lei 12.711, de 2012, que \u00e9 a Lei de Cotas de Ingresso nas Universidades.<\/p>\n<p>A Lei de Cotas estabelece como primeiro crit\u00e9rio que no m\u00ednimo 50% das vagas para ingresso em curso de gradua\u00e7\u00e3o, por curso e turno, sejam reservadas para estudantes que tenham cursado integralmente o ensino m\u00e9dio em escolas p\u00fablicas. No caso do ensino t\u00e9cnico de n\u00edvel m\u00e9dio, a reserva \u00e9 para alunos que cursaram integralmente o ensino fundamental na rede p\u00fablica.<\/p>\n<p>Como segundo crit\u00e9rio, as cotas se destinam a pessoas de baixa renda, negros, pardos e ind\u00edgenas. Pelo texto sancionado por Temer, os estudantes com defici\u00eancia agora entram nessa subcota. A distribui\u00e7\u00e3o \u00e9 feita de acordo com as vagas ofertadas e a propor\u00e7\u00e3o desses grupos na popula\u00e7\u00e3o da unidade da Federa\u00e7\u00e3o onde fica a institui\u00e7\u00e3o.<\/p>\n<p>Anteriormente, a regulamenta\u00e7\u00e3o j\u00e1 permitia que as universidades federais institu\u00edssem reservas de vagas para pessoas com defici\u00eancia, mas isso era opcional.<\/p>\n<p>Conforme estabelecido na Lei de Cotas, no prazo de dez anos, ser\u00e1 feita a revis\u00e3o do programa especial para o acesso \u00e0s institui\u00e7\u00f5es de educa\u00e7\u00e3o superior de estudantes pretos, pardos e ind\u00edgenas e de pessoas com defici\u00eancia, bem como daqueles que tenham cursado integralmente o ensino m\u00e9dio em escolas p\u00fablicas.<\/p>\n<p><em>*Ag\u00eancia Brasil<\/em><\/p>\n","protected":false},"excerpt":{"rendered":"<p>O presidente Michel Temer sancionou a Lei 13.409, que inclui pessoas com defici\u00eancia entre os benefici\u00e1rios de reserva de vagas nas universidades federais e nas escolas federais de ensino m\u00e9dio t\u00e9cnico. A cota para estudantes vindos de escolas p\u00fablicas j\u00e1 previa a destina\u00e7\u00e3o de vagas para pessoas de baixa renda, negros, pardos e ind\u00edgenas. O [&hellip;]<\/p>\n","protected":false},"author":2,"featured_media":14392,"comment_status":"open","ping_status":"open","sticky":false,"template":"","format":"standard","meta":{"_acf_changed":false,"_monsterinsights_skip_tracking":false,"_monsterinsights_sitenote_active":false,"_monsterinsights_sitenote_note":"","_monsterinsights_sitenote_category":0,"_jetpack_memberships_contains_paid_content":false,"footnotes":"","jetpack_publicize_message":"","jetpack_publicize_feature_enabled":true,"jetpack_social_post_already_shared":true,"jetpack_social_options":{"image_generator_settings":{"template":"highway","default_image_id":0,"font":"","enabled":false},"version":2}},"categories":[14,1],"tags":[],"class_list":["post-14391","post","type-post","status-publish","format-standard","has-post-thumbnail","hentry","category-educacao","category-noticias"],"acf":[],"jetpack_publicize_connections":[],"jetpack_featured_media_url":"https:\/\/i0.wp.com\/blogdoeloiltoncajuhy.com.br\/site\/wp-content\/uploads\/2016\/12\/cadeirante-e1483050508203.jpg?fit=550%2C366&ssl=1","jetpack_sharing_enabled":true,"publishpress_future_workflow_manual_trigger":{"enabledWorkflows":[]},"_links":{"self":[{"href":"https:\/\/blogdoeloiltoncajuhy.com.br\/site\/wp-json\/wp\/v2\/posts\/14391","targetHints":{"allow":["GET"]}}],"collection":[{"href":"https:\/\/blogdoeloiltoncajuhy.com.br\/site\/wp-json\/wp\/v2\/posts"}],"about":[{"href":"https:\/\/blogdoeloiltoncajuhy.com.br\/site\/wp-json\/wp\/v2\/types\/post"}],"author":[{"embeddable":true,"href":"https:\/\/blogdoeloiltoncajuhy.com.br\/site\/wp-json\/wp\/v2\/users\/2"}],"replies":[{"embeddable":true,"href":"https:\/\/blogdoeloiltoncajuhy.com.br\/site\/wp-json\/wp\/v2\/comments?post=14391"}],"version-history":[{"count":1,"href":"https:\/\/blogdoeloiltoncajuhy.com.br\/site\/wp-json\/wp\/v2\/posts\/14391\/revisions"}],"predecessor-version":[{"id":14393,"href":"https:\/\/blogdoeloiltoncajuhy.com.br\/site\/wp-json\/wp\/v2\/posts\/14391\/revisions\/14393"}],"wp:featuredmedia":[{"embeddable":true,"href":"https:\/\/blogdoeloiltoncajuhy.com.br\/site\/wp-json\/wp\/v2\/media\/14392"}],"wp:attachment":[{"href":"https:\/\/blogdoeloiltoncajuhy.com.br\/site\/wp-json\/wp\/v2\/media?parent=14391"}],"wp:term":[{"taxonomy":"category","embeddable":true,"href":"https:\/\/blogdoeloiltoncajuhy.com.br\/site\/wp-json\/wp\/v2\/categories?post=14391"},{"taxonomy":"post_tag","embeddable":true,"href":"https:\/\/blogdoeloiltoncajuhy.com.br\/site\/wp-json\/wp\/v2\/tags?post=14391"}],"curies":[{"name":"wp","href":"https:\/\/api.w.org\/{rel}","templated":true}]}}