{"id":14386,"date":"2016-12-29T08:24:41","date_gmt":"2016-12-29T11:24:41","guid":{"rendered":"http:\/\/blogdoeloiltoncajuhy.com.br\/site\/?p=14386"},"modified":"2016-12-29T08:24:41","modified_gmt":"2016-12-29T11:24:41","slug":"cancer-infantojuvenil-tecnologias-auxiliam-no-diagnostico-precoce-e-bem-estar-de-pacientes","status":"publish","type":"post","link":"https:\/\/blogdoeloiltoncajuhy.com.br\/site\/cancer-infantojuvenil-tecnologias-auxiliam-no-diagnostico-precoce-e-bem-estar-de-pacientes\/","title":{"rendered":"C\u00e2ncer Infantojuvenil: tecnologias auxiliam no diagn\u00f3stico precoce e bem estar de pacientes"},"content":{"rendered":"<p style=\"text-align: center;\"><em><strong>Tomografia Computadorizada \u00e9 considerada o principal exame para o diagn\u00f3stico e acompanhamento de c\u00e2ncer, doen\u00e7a que dever\u00e1 atingir mais de 12 mil jovens em 2017<\/strong><\/em><\/p>\n<p><a href=\"https:\/\/i0.wp.com\/blogdoeloiltoncajuhy.com.br\/site\/wp-content\/uploads\/2016\/12\/cancer-infantojuvenil.jpg\"><img data-recalc-dims=\"1\" fetchpriority=\"high\" decoding=\"async\" class=\"aligncenter size-full wp-image-14387\" src=\"https:\/\/i0.wp.com\/blogdoeloiltoncajuhy.com.br\/site\/wp-content\/uploads\/2016\/12\/cancer-infantojuvenil.jpg?resize=500%2C273\" alt=\"\" width=\"500\" height=\"273\" srcset=\"https:\/\/i0.wp.com\/blogdoeloiltoncajuhy.com.br\/site\/wp-content\/uploads\/2016\/12\/cancer-infantojuvenil.jpg?w=500&amp;ssl=1 500w, https:\/\/i0.wp.com\/blogdoeloiltoncajuhy.com.br\/site\/wp-content\/uploads\/2016\/12\/cancer-infantojuvenil.jpg?resize=300%2C164&amp;ssl=1 300w, https:\/\/i0.wp.com\/blogdoeloiltoncajuhy.com.br\/site\/wp-content\/uploads\/2016\/12\/cancer-infantojuvenil.jpg?resize=250%2C137&amp;ssl=1 250w\" sizes=\"(max-width: 500px) 100vw, 500px\" \/><\/a>Um panorama divulgado recentemente pelo Instituto Nacional de C\u00e2ncer (INCA) e o Minist\u00e9rio da Sa\u00fade apontou que o c\u00e2ncer \u00e9 a doen\u00e7a que mais mata crian\u00e7as e adolescentes no Brasil. A enfermidade \u00e9 a segunda causa de \u00f3bito deste grupo et\u00e1rio, superada somente por acidentes e mortes violentas e, entre 2009 e 2013, motivou 12% dos \u00f3bitos na faixa de 1 a 14 anos. Foram mais de 2.700 mortes por c\u00e2ncer infantojuvenil no Brasil em 2014 (ano mais recente com informa\u00e7\u00f5es compiladas).<\/p>\n<p>Para 2017, o INCA estima a ocorr\u00eancia de 12.600 novos casos na faixa et\u00e1ria de zero a 19 anos. As leucemias representam o maior percentual de incid\u00eancia (26%), seguida dos linfomas (14%) e tumores do sistema nervoso central (13%).<\/p>\n<p><strong>Diagn\u00f3stico por imagem \u2013<\/strong> Considerada uma das an\u00e1lises mais avan\u00e7adas e completas para o diagn\u00f3stico de tumores benignos e malignos, a Tomografia Computadorizada (TC) \u00e9 um exame de imagem que pode ser utilizado para qualquer faixa et\u00e1ria e regi\u00e3o do corpo. Gra\u00e7as \u00e0 qualidade dos resultados obtidos, precis\u00e3o dos dados e velocidade de processamento das informa\u00e7\u00f5es, pode auxiliar desde o rastreamento at\u00e9 o acompanhamento das doen\u00e7as.<\/p>\n<p>No entanto, embora os benef\u00edcios dessa tecnologia em radiologia sejam reconhecidos, nem sempre o mesmo ocorre com seu potencial mal\u00e9fico. Exames como TC exp\u00f5em os pacientes \u00e0 radia\u00e7\u00e3o ionizante, que \u00e9 comprovadamente acumulativa durante a vida e que poder\u00e1 trazer malef\u00edcios aos pacientes quando utilizada excessivamente. Os grupos mais vulner\u00e1veis s\u00e3o as crian\u00e7as e adolescentes, uma vez que nessa faixa as c\u00e9lulas est\u00e3o se multiplicando e se reproduzindo mais rapidamente do que no adulto.<\/p>\n<p>A radia\u00e7\u00e3o pode causar danos no DNA das c\u00e9lulas, que, normalmente, s\u00e3o reparados por sistemas diversos. Ocasionalmente, por\u00e9m, falhas destes mecanismos de repara\u00e7\u00e3o podem levar a muta\u00e7\u00f5es relacion\u00e1veis ao surgimento do c\u00e2ncer.<\/p>\n<p><strong>Redu\u00e7\u00e3o nas doses \u2013<\/strong> Pensando no bem estar de seus pacientes, a Rede de Hospitais S\u00e3o Camilo de S\u00e3o Paulo reduziu as doses de radia\u00e7\u00e3o emitidas durante a realiza\u00e7\u00e3o do exame. A principal adapta\u00e7\u00e3o da Institui\u00e7\u00e3o foi a aquisi\u00e7\u00e3o de novos e modernos tom\u00f3grafos de 128 canais, do modelo Ingenuity, que t\u00eam um software que permite a redu\u00e7\u00e3o das doses de radia\u00e7\u00e3o aplicada em at\u00e9 70%, sem prejudicar a qualidade das imagens.<\/p>\n<p><em>*Vitoria Kennedy<\/em><\/p>\n<p>&nbsp;<\/p>\n","protected":false},"excerpt":{"rendered":"<p>Tomografia Computadorizada \u00e9 considerada o principal exame para o diagn\u00f3stico e acompanhamento de c\u00e2ncer, doen\u00e7a que dever\u00e1 atingir mais de 12 mil jovens em 2017 Um panorama divulgado recentemente pelo Instituto Nacional de C\u00e2ncer (INCA) e o Minist\u00e9rio da Sa\u00fade apontou que o c\u00e2ncer \u00e9 a doen\u00e7a que mais mata crian\u00e7as e adolescentes no Brasil. [&hellip;]<\/p>\n","protected":false},"author":2,"featured_media":14387,"comment_status":"open","ping_status":"open","sticky":false,"template":"","format":"standard","meta":{"_acf_changed":false,"_monsterinsights_skip_tracking":false,"_monsterinsights_sitenote_active":false,"_monsterinsights_sitenote_note":"","_monsterinsights_sitenote_category":0,"_jetpack_memberships_contains_paid_content":false,"footnotes":"","jetpack_publicize_message":"","jetpack_publicize_feature_enabled":true,"jetpack_social_post_already_shared":true,"jetpack_social_options":{"image_generator_settings":{"template":"highway","default_image_id":0,"font":"","enabled":false},"version":2}},"categories":[1,7],"tags":[],"class_list":["post-14386","post","type-post","status-publish","format-standard","has-post-thumbnail","hentry","category-noticias","category-saude"],"acf":[],"jetpack_publicize_connections":[],"jetpack_featured_media_url":"https:\/\/i0.wp.com\/blogdoeloiltoncajuhy.com.br\/site\/wp-content\/uploads\/2016\/12\/cancer-infantojuvenil.jpg?fit=500%2C273&ssl=1","jetpack_sharing_enabled":true,"publishpress_future_workflow_manual_trigger":{"enabledWorkflows":[]},"_links":{"self":[{"href":"https:\/\/blogdoeloiltoncajuhy.com.br\/site\/wp-json\/wp\/v2\/posts\/14386","targetHints":{"allow":["GET"]}}],"collection":[{"href":"https:\/\/blogdoeloiltoncajuhy.com.br\/site\/wp-json\/wp\/v2\/posts"}],"about":[{"href":"https:\/\/blogdoeloiltoncajuhy.com.br\/site\/wp-json\/wp\/v2\/types\/post"}],"author":[{"embeddable":true,"href":"https:\/\/blogdoeloiltoncajuhy.com.br\/site\/wp-json\/wp\/v2\/users\/2"}],"replies":[{"embeddable":true,"href":"https:\/\/blogdoeloiltoncajuhy.com.br\/site\/wp-json\/wp\/v2\/comments?post=14386"}],"version-history":[{"count":1,"href":"https:\/\/blogdoeloiltoncajuhy.com.br\/site\/wp-json\/wp\/v2\/posts\/14386\/revisions"}],"predecessor-version":[{"id":14388,"href":"https:\/\/blogdoeloiltoncajuhy.com.br\/site\/wp-json\/wp\/v2\/posts\/14386\/revisions\/14388"}],"wp:featuredmedia":[{"embeddable":true,"href":"https:\/\/blogdoeloiltoncajuhy.com.br\/site\/wp-json\/wp\/v2\/media\/14387"}],"wp:attachment":[{"href":"https:\/\/blogdoeloiltoncajuhy.com.br\/site\/wp-json\/wp\/v2\/media?parent=14386"}],"wp:term":[{"taxonomy":"category","embeddable":true,"href":"https:\/\/blogdoeloiltoncajuhy.com.br\/site\/wp-json\/wp\/v2\/categories?post=14386"},{"taxonomy":"post_tag","embeddable":true,"href":"https:\/\/blogdoeloiltoncajuhy.com.br\/site\/wp-json\/wp\/v2\/tags?post=14386"}],"curies":[{"name":"wp","href":"https:\/\/api.w.org\/{rel}","templated":true}]}}