{"id":14383,"date":"2016-12-29T08:18:27","date_gmt":"2016-12-29T11:18:27","guid":{"rendered":"http:\/\/blogdoeloiltoncajuhy.com.br\/site\/?p=14383"},"modified":"2016-12-29T08:18:27","modified_gmt":"2016-12-29T11:18:27","slug":"brega-funk-sertanejo-e-forro-estilizado-sao-barrados-no-carnaval-pernambucano","status":"publish","type":"post","link":"https:\/\/blogdoeloiltoncajuhy.com.br\/site\/brega-funk-sertanejo-e-forro-estilizado-sao-barrados-no-carnaval-pernambucano\/","title":{"rendered":"Brega, funk, sertanejo e forr\u00f3 estilizado s\u00e3o &#8216;barrados&#8217; no carnaval pernambucano"},"content":{"rendered":"<p style=\"text-align: center;\"><em><strong>Arrocha, swingueira, forr\u00f3 eletr\u00f4nico e pagode estilizados tamb\u00e9m n\u00e3o se enquadram nas categorias estabelecidas na convocat\u00f3ria do governo<\/strong><\/em><\/p>\n<figure id=\"attachment_14384\" aria-describedby=\"caption-attachment-14384\" style=\"width: 640px\" class=\"wp-caption aligncenter\"><a href=\"https:\/\/i0.wp.com\/blogdoeloiltoncajuhy.com.br\/site\/wp-content\/uploads\/2016\/12\/carnaval-pe.jpg\"><img data-recalc-dims=\"1\" fetchpriority=\"high\" decoding=\"async\" class=\"wp-image-14384 size-full\" src=\"https:\/\/i0.wp.com\/blogdoeloiltoncajuhy.com.br\/site\/wp-content\/uploads\/2016\/12\/carnaval-pe.jpg?resize=640%2C360\" width=\"640\" height=\"360\" srcset=\"https:\/\/i0.wp.com\/blogdoeloiltoncajuhy.com.br\/site\/wp-content\/uploads\/2016\/12\/carnaval-pe.jpg?w=640&amp;ssl=1 640w, https:\/\/i0.wp.com\/blogdoeloiltoncajuhy.com.br\/site\/wp-content\/uploads\/2016\/12\/carnaval-pe.jpg?resize=300%2C169&amp;ssl=1 300w, https:\/\/i0.wp.com\/blogdoeloiltoncajuhy.com.br\/site\/wp-content\/uploads\/2016\/12\/carnaval-pe.jpg?resize=250%2C141&amp;ssl=1 250w\" sizes=\"(max-width: 640px) 100vw, 640px\" \/><\/a><figcaption id=\"caption-attachment-14384\" class=\"wp-caption-text\">Decis\u00e3o, no entanto, n\u00e3o deve afetar substancialmente o carnaval do Recife (Foto: Teresa Maia\/DP)<\/figcaption><\/figure>\n<p>Forr\u00f3 eletr\u00f4nico, forr\u00f3 estilizado, brega, swingueira, arrocha, funk, sertanejo e pagode estilizado est\u00e3o fora da convocat\u00f3ria da Secretaria de Cultura de Pernambuco e da Empresa Pernambucana de Turismo (Empetur) para o carnaval 2017. A convocat\u00f3ria tem como objetivo selecionar as atividades art\u00edsticas que v\u00e3o compor os festejos de momo em Pernambuco.<\/p>\n<p>De acordo com o texto, 30% dos recursos ser\u00e3o destinados \u00e0 categoria cultura popular, 40% a representantes da M\u00fasica da Tradi\u00e7\u00e3o Carnavalesca (como frevo e caboclinho); 10% para as Orquestras de Frevo; e 20% aos grupos e artistas da M\u00fasica Popular Brasileira. De acordo com a assessoria de imprensa da Secretaria de Cultura, a decis\u00e3o de que os g\u00eaneros musicais n\u00e3o se enquadram em nenhuma categoria se d\u00e1 porque o governo considera que eles n\u00e3o est\u00e3o de acordo com o que a convocat\u00f3ria busca valorizar.<\/p>\n<p>Na categoria M\u00fasica Popular Brasileira, est\u00e3o inseridos &#8220;MPB, Ax\u00e9, Pop Rock Nacional, Pop e de Forr\u00f3, desde que, para esta \u00faltima categoria, ligados \u00e0 tradi\u00e7\u00e3o junina ou que tenham a tradi\u00e7\u00e3o junina como fonte de pesquisa no trabalho a ser apresentado&#8221;, de acordo com o edital.<\/p>\n<p>A medida n\u00e3o deve afetar substancialmente a grade do carnaval do Recife, o principal polo carnavalesco do estado com rela\u00e7\u00e3o \u00e0s apresenta\u00e7\u00f5es musicais. A decis\u00e3o do governo do estado n\u00e3o impede que as prefeituras contratem artistas dos g\u00eaneros. A gest\u00e3o estadual \u00e9 parceira das prefeituras na produ\u00e7\u00e3o das comemora\u00e7\u00f5es carnavalescas, especialmente nos munic\u00edpios do interior.<\/p>\n<p>De acordo com a assessoria, o aux\u00edlio que o governo d\u00e1 para as festividades n\u00e3o \u00e9 o suficiente para preencher toda a grade de programa\u00e7\u00e3o do carnaval, o que torna necess\u00e1ria a contrata\u00e7\u00e3o de outras atra\u00e7\u00f5es por parte das prefeituras.<\/p>\n<p>O Secret\u00e1rio de Cultura de Pernambuco, Marcelino Granja, defende que a decis\u00e3o n\u00e3o se trata de discrimina\u00e7\u00e3o contra os artistas dos g\u00eaneros. &#8220;Diferentemente de v\u00e1rios estados, o carnaval n\u00e3o \u00e9 promovido pelo governo estadual. Essas s\u00e3o festas eminentemente municipais. As prefeituras podem contratar quem elas quiserem, inclusive bandas de ax\u00e9 ou sertanejo. Damos um apoio expressivo, mas n\u00e3o determinante, a mais de 50 cidades pernambucanas. N\u00e3o estamos discriminando g\u00eaneros musicais nem fazendo ju\u00edzo de valor, mas vamos privilegiar a m\u00fasica que \u00e9 menos tocada nas r\u00e1dios&#8221;, disse Granja.<\/p>\n<p>&#8220;O brega, o funk e o sertanejo, por exemplo, t\u00eam muito mais espa\u00e7o o ano todo. N\u00e3o estamos dizendo que o brega n\u00e3o \u00e9 m\u00fasica popular brasileira, eles t\u00eam tanto m\u00e9rito quanto qualquer artista, mas decidimos n\u00e3o selecionar quem se identifica como brega para esta convocat\u00f3ria. \u00c9 uma op\u00e7\u00e3o pol\u00edtica do estado. A gente acha que a pol\u00edtica cultural deve ajudar, afirmativamente, quem tem menos exposi\u00e7\u00e3o&#8221;.<\/p>\n<p><strong>Confira, na \u00edntegra, a convocat\u00f3ria para o carnaval:<\/strong><\/p>\n<p><em><strong>O Governo de Pernambuco, por meio da SECULT-PE, Fundarpe, SETUREL e Empetur, lan\u00e7a a Convocat\u00f3ria do Carnaval 2017, que vai selecionar atividades art\u00edsticas e culturais para compor a programa\u00e7\u00e3o apoiada pelo Governo Estadual nos munic\u00edpios. Nesta edi\u00e7\u00e3o, a valoriza\u00e7\u00e3o de artistas, grupos, orquestras e agremia\u00e7\u00f5es tradicionais do per\u00edodo momesco conta com ainda mais garantias.<\/strong><\/em><\/p>\n<p><em><strong>Do total de recursos estaduais a serem alocados na iniciativa, 30% ser\u00e3o destinados \u00e0 categoria de Cultura Popular; 40% a representantes da M\u00fasica da Tradi\u00e7\u00e3o Carnavalesca; 10% para as Orquestra de Frevo; e 20% aos grupos e artistas da M\u00fasica Popular Brasileira. De acordo com a Convocat\u00f3ria, n\u00e3o se enquadram nas categorias descritas acima os seguintes g\u00eaneros musicais: Forr\u00f3 Eletr\u00f4nico, Forr\u00f3 Estilizado, Brega, Swingueira, Arrocha, Funk, Sertanejo e Pagode Estilizado.<\/strong><\/em><\/p>\n<p><em><strong>Caso o valor total das propostas contratadas em uma determinada categoria seja menor que o recurso disponibilizado para a mesma, o saldo remanescente ser\u00e1 distribu\u00eddo, obedecendo o limite de cada categoria. Primeiramente para a Cultura Popular, depois para as Orquestras de Frevo, M\u00fasica da Tradi\u00e7\u00e3o Carnavalesca e M\u00fasica Popular Brasileira, sucessivamente.<\/strong><\/em><\/p>\n<p><em><strong>Outro destaque \u00e9 que mais uma conquista dos Patrim\u00f4nios Vivos de Pernambuco segue confirmada no instrumento. Com o intuito de garantir, no Carnaval, a presen\u00e7a destes artistas e grupos detentores do nosso saber cultural , estes ter\u00e3o dispensa de \u201cconsagra\u00e7\u00e3o\u201d, estando desde j\u00e1 habilitados pelo m\u00e9rito cultural. Tal decis\u00e3o est\u00e1 em acordo com a Lei Estadual do Registro do Patrim\u00f4nio Vivo.<\/strong><\/em><\/p>\n<p><em><strong>As inscri\u00e7\u00f5es na Convocat\u00f3ria do Carnaval de Pernambuco 2017 dever\u00e3o ser realizadas entre os dia 4 e 12 de janeiro.<\/strong><\/em><\/p>\n<p><em>*Di\u00e1rio de Pernambuco<\/em><\/p>\n","protected":false},"excerpt":{"rendered":"<p>Arrocha, swingueira, forr\u00f3 eletr\u00f4nico e pagode estilizados tamb\u00e9m n\u00e3o se enquadram nas categorias estabelecidas na convocat\u00f3ria do governo Forr\u00f3 eletr\u00f4nico, forr\u00f3 estilizado, brega, swingueira, arrocha, funk, sertanejo e pagode estilizado est\u00e3o fora da convocat\u00f3ria da Secretaria de Cultura de Pernambuco e da Empresa Pernambucana de Turismo (Empetur) para o carnaval 2017. A convocat\u00f3ria tem como [&hellip;]<\/p>\n","protected":false},"author":2,"featured_media":14384,"comment_status":"open","ping_status":"open","sticky":false,"template":"","format":"standard","meta":{"_acf_changed":false,"_monsterinsights_skip_tracking":false,"_monsterinsights_sitenote_active":false,"_monsterinsights_sitenote_note":"","_monsterinsights_sitenote_category":0,"_jetpack_memberships_contains_paid_content":false,"footnotes":"","jetpack_publicize_message":"","jetpack_publicize_feature_enabled":true,"jetpack_social_post_already_shared":true,"jetpack_social_options":{"image_generator_settings":{"template":"highway","default_image_id":0,"font":"","enabled":false},"version":2}},"categories":[8,1],"tags":[],"class_list":["post-14383","post","type-post","status-publish","format-standard","has-post-thumbnail","hentry","category-cultura","category-noticias"],"acf":[],"jetpack_publicize_connections":[],"jetpack_featured_media_url":"https:\/\/i0.wp.com\/blogdoeloiltoncajuhy.com.br\/site\/wp-content\/uploads\/2016\/12\/carnaval-pe.jpg?fit=640%2C360&ssl=1","jetpack_sharing_enabled":true,"publishpress_future_workflow_manual_trigger":{"enabledWorkflows":[]},"_links":{"self":[{"href":"https:\/\/blogdoeloiltoncajuhy.com.br\/site\/wp-json\/wp\/v2\/posts\/14383","targetHints":{"allow":["GET"]}}],"collection":[{"href":"https:\/\/blogdoeloiltoncajuhy.com.br\/site\/wp-json\/wp\/v2\/posts"}],"about":[{"href":"https:\/\/blogdoeloiltoncajuhy.com.br\/site\/wp-json\/wp\/v2\/types\/post"}],"author":[{"embeddable":true,"href":"https:\/\/blogdoeloiltoncajuhy.com.br\/site\/wp-json\/wp\/v2\/users\/2"}],"replies":[{"embeddable":true,"href":"https:\/\/blogdoeloiltoncajuhy.com.br\/site\/wp-json\/wp\/v2\/comments?post=14383"}],"version-history":[{"count":1,"href":"https:\/\/blogdoeloiltoncajuhy.com.br\/site\/wp-json\/wp\/v2\/posts\/14383\/revisions"}],"predecessor-version":[{"id":14385,"href":"https:\/\/blogdoeloiltoncajuhy.com.br\/site\/wp-json\/wp\/v2\/posts\/14383\/revisions\/14385"}],"wp:featuredmedia":[{"embeddable":true,"href":"https:\/\/blogdoeloiltoncajuhy.com.br\/site\/wp-json\/wp\/v2\/media\/14384"}],"wp:attachment":[{"href":"https:\/\/blogdoeloiltoncajuhy.com.br\/site\/wp-json\/wp\/v2\/media?parent=14383"}],"wp:term":[{"taxonomy":"category","embeddable":true,"href":"https:\/\/blogdoeloiltoncajuhy.com.br\/site\/wp-json\/wp\/v2\/categories?post=14383"},{"taxonomy":"post_tag","embeddable":true,"href":"https:\/\/blogdoeloiltoncajuhy.com.br\/site\/wp-json\/wp\/v2\/tags?post=14383"}],"curies":[{"name":"wp","href":"https:\/\/api.w.org\/{rel}","templated":true}]}}