{"id":14377,"date":"2016-12-29T08:05:13","date_gmt":"2016-12-29T11:05:13","guid":{"rendered":"http:\/\/blogdoeloiltoncajuhy.com.br\/site\/?p=14377"},"modified":"2016-12-29T08:05:13","modified_gmt":"2016-12-29T11:05:13","slug":"rui-anuncia-licitacao-para-recuperacao-da-ba-381-que-liga-cansancao-itiuba-e-filadelfia","status":"publish","type":"post","link":"https:\/\/blogdoeloiltoncajuhy.com.br\/site\/rui-anuncia-licitacao-para-recuperacao-da-ba-381-que-liga-cansancao-itiuba-e-filadelfia\/","title":{"rendered":"Rui anuncia licita\u00e7\u00e3o para recupera\u00e7\u00e3o da BA-381 que liga Cansan\u00e7\u00e3o, Iti\u00faba e Filad\u00e9lfia"},"content":{"rendered":"<figure id=\"attachment_14378\" aria-describedby=\"caption-attachment-14378\" style=\"width: 550px\" class=\"wp-caption aligncenter\"><a href=\"https:\/\/i0.wp.com\/blogdoeloiltoncajuhy.com.br\/site\/wp-content\/uploads\/2016\/12\/rui-serrinha-e1483009439655.jpeg\"><img data-recalc-dims=\"1\" fetchpriority=\"high\" decoding=\"async\" class=\"wp-image-14378 size-full\" src=\"https:\/\/i0.wp.com\/blogdoeloiltoncajuhy.com.br\/site\/wp-content\/uploads\/2016\/12\/rui-serrinha-e1483009439655.jpeg?resize=550%2C363\" width=\"550\" height=\"363\" \/><\/a><figcaption id=\"caption-attachment-14378\" class=\"wp-caption-text\">Rui Costa visitou o munic\u00edpio de Serrinha nesta quarta-feira, 28 (Foto: Pedro Moraes\/GOVBA)<\/figcaption><\/figure>\n<p>O Governador Rui Costa anunciou na manh\u00e3 desta quarta-feira (28), durante visita ao munic\u00edpio de Serrinha, a licita\u00e7\u00e3o para a recupera\u00e7\u00e3o da BA-381 que liga os munic\u00edpios de Cansan\u00e7\u00e3o, Iti\u00faba e Filad\u00e9lfia. Ainda na visita, Rui tamb\u00e9m confirmou a licita\u00e7\u00e3o para a recupera\u00e7\u00e3o de outro importante trecho ligando os munic\u00edpios de Serrinha, Coit\u00e9 e Santaluz.<\/p>\n<p>Rui lembrou que Serrinha recebeu recentemente investimentos importantes, como o Distrito Integrado de Seguran\u00e7a P\u00fablica (Disep) e o Instituto Federal de Educa\u00e7\u00e3o, Ci\u00eancia e Tecnologia. \u201cO Instituto federal ensina n\u00edveis t\u00e9cnico e superior e vai ajudar toda a regi\u00e3o sisaleira a receber a sua forma\u00e7\u00e3o. Fico orgulhoso de ter participado deste momento. Hoje foram muitas inaugura\u00e7\u00f5es, a UPA, a quadra de esportes, mas h\u00e1 muito ainda o que fazer. Eu fico feliz de ter participado do desenvolvimento de Serrinha, pois tenho uma rela\u00e7\u00e3o afetiva com este munic\u00edpio\u201d. destacou.<\/p>\n<p><em>*Portal de Not\u00edcias<\/em><\/p>\n","protected":false},"excerpt":{"rendered":"<p>O Governador Rui Costa anunciou na manh\u00e3 desta quarta-feira (28), durante visita ao munic\u00edpio de Serrinha, a licita\u00e7\u00e3o para a recupera\u00e7\u00e3o da BA-381 que liga os munic\u00edpios de Cansan\u00e7\u00e3o, Iti\u00faba e Filad\u00e9lfia. Ainda na visita, Rui tamb\u00e9m confirmou a licita\u00e7\u00e3o para a recupera\u00e7\u00e3o de outro importante trecho ligando os munic\u00edpios de Serrinha, Coit\u00e9 e Santaluz. [&hellip;]<\/p>\n","protected":false},"author":2,"featured_media":14378,"comment_status":"open","ping_status":"open","sticky":false,"template":"","format":"standard","meta":{"_acf_changed":false,"_monsterinsights_skip_tracking":false,"_monsterinsights_sitenote_active":false,"_monsterinsights_sitenote_note":"","_monsterinsights_sitenote_category":0,"_jetpack_memberships_contains_paid_content":false,"footnotes":"","jetpack_publicize_message":"","jetpack_publicize_feature_enabled":true,"jetpack_social_post_already_shared":true,"jetpack_social_options":{"image_generator_settings":{"template":"highway","default_image_id":0,"font":"","enabled":false},"version":2}},"categories":[1,3,11],"tags":[],"class_list":["post-14377","post","type-post","status-publish","format-standard","has-post-thumbnail","hentry","category-noticias","category-politica","category-regional"],"acf":[],"jetpack_publicize_connections":[],"jetpack_featured_media_url":"https:\/\/i0.wp.com\/blogdoeloiltoncajuhy.com.br\/site\/wp-content\/uploads\/2016\/12\/rui-serrinha-e1483009439655.jpeg?fit=550%2C363&ssl=1","jetpack_sharing_enabled":true,"publishpress_future_workflow_manual_trigger":{"enabledWorkflows":[]},"_links":{"self":[{"href":"https:\/\/blogdoeloiltoncajuhy.com.br\/site\/wp-json\/wp\/v2\/posts\/14377","targetHints":{"allow":["GET"]}}],"collection":[{"href":"https:\/\/blogdoeloiltoncajuhy.com.br\/site\/wp-json\/wp\/v2\/posts"}],"about":[{"href":"https:\/\/blogdoeloiltoncajuhy.com.br\/site\/wp-json\/wp\/v2\/types\/post"}],"author":[{"embeddable":true,"href":"https:\/\/blogdoeloiltoncajuhy.com.br\/site\/wp-json\/wp\/v2\/users\/2"}],"replies":[{"embeddable":true,"href":"https:\/\/blogdoeloiltoncajuhy.com.br\/site\/wp-json\/wp\/v2\/comments?post=14377"}],"version-history":[{"count":1,"href":"https:\/\/blogdoeloiltoncajuhy.com.br\/site\/wp-json\/wp\/v2\/posts\/14377\/revisions"}],"predecessor-version":[{"id":14379,"href":"https:\/\/blogdoeloiltoncajuhy.com.br\/site\/wp-json\/wp\/v2\/posts\/14377\/revisions\/14379"}],"wp:featuredmedia":[{"embeddable":true,"href":"https:\/\/blogdoeloiltoncajuhy.com.br\/site\/wp-json\/wp\/v2\/media\/14378"}],"wp:attachment":[{"href":"https:\/\/blogdoeloiltoncajuhy.com.br\/site\/wp-json\/wp\/v2\/media?parent=14377"}],"wp:term":[{"taxonomy":"category","embeddable":true,"href":"https:\/\/blogdoeloiltoncajuhy.com.br\/site\/wp-json\/wp\/v2\/categories?post=14377"},{"taxonomy":"post_tag","embeddable":true,"href":"https:\/\/blogdoeloiltoncajuhy.com.br\/site\/wp-json\/wp\/v2\/tags?post=14377"}],"curies":[{"name":"wp","href":"https:\/\/api.w.org\/{rel}","templated":true}]}}