{"id":14366,"date":"2016-12-28T21:14:42","date_gmt":"2016-12-29T00:14:42","guid":{"rendered":"http:\/\/blogdoeloiltoncajuhy.com.br\/site\/?p=14366"},"modified":"2016-12-30T20:16:16","modified_gmt":"2016-12-30T23:16:16","slug":"ciclistas-bonfinenses-alcancam-o-topo-do-ranking-da-confederacao-brasileira-de-ciclismo","status":"publish","type":"post","link":"https:\/\/blogdoeloiltoncajuhy.com.br\/site\/ciclistas-bonfinenses-alcancam-o-topo-do-ranking-da-confederacao-brasileira-de-ciclismo\/","title":{"rendered":"Ciclistas bonfinenses alcan\u00e7am o topo do ranking da Confedera\u00e7\u00e3o Brasileira de Ciclismo"},"content":{"rendered":"<figure id=\"attachment_14404\" aria-describedby=\"caption-attachment-14404\" style=\"width: 475px\" class=\"wp-caption aligncenter\"><a href=\"https:\/\/i0.wp.com\/blogdoeloiltoncajuhy.com.br\/site\/wp-content\/uploads\/2016\/12\/regi-l%C3%A1zaro2.jpg\"><img data-recalc-dims=\"1\" fetchpriority=\"high\" decoding=\"async\" class=\"wp-image-14404 size-full\" src=\"https:\/\/i0.wp.com\/blogdoeloiltoncajuhy.com.br\/site\/wp-content\/uploads\/2016\/12\/regi-l%C3%A1zaro2.jpg?resize=475%2C473\" width=\"475\" height=\"473\" srcset=\"https:\/\/i0.wp.com\/blogdoeloiltoncajuhy.com.br\/site\/wp-content\/uploads\/2016\/12\/regi-l%C3%A1zaro2.jpg?w=475&amp;ssl=1 475w, https:\/\/i0.wp.com\/blogdoeloiltoncajuhy.com.br\/site\/wp-content\/uploads\/2016\/12\/regi-l%C3%A1zaro2.jpg?resize=150%2C150&amp;ssl=1 150w, https:\/\/i0.wp.com\/blogdoeloiltoncajuhy.com.br\/site\/wp-content\/uploads\/2016\/12\/regi-l%C3%A1zaro2.jpg?resize=300%2C300&amp;ssl=1 300w, https:\/\/i0.wp.com\/blogdoeloiltoncajuhy.com.br\/site\/wp-content\/uploads\/2016\/12\/regi-l%C3%A1zaro2.jpg?resize=250%2C250&amp;ssl=1 250w, https:\/\/i0.wp.com\/blogdoeloiltoncajuhy.com.br\/site\/wp-content\/uploads\/2016\/12\/regi-l%C3%A1zaro2.jpg?resize=48%2C48&amp;ssl=1 48w\" sizes=\"(max-width: 475px) 100vw, 475px\" \/><\/a><figcaption id=\"caption-attachment-14404\" class=\"wp-caption-text\">Regi (\u00e0 esquerda) e L\u00e1zaro (\u00e0 direita) figuram no topo da lista da Confedera\u00e7\u00e3o Brasileira de Ciclismo (Fotos: Reprodu\u00e7\u00e3o Facebook)<\/figcaption><\/figure>\n<p>Os ciclistas bonfinenses Regivaldo Moreira e L\u00e1zaro Macedo, campe\u00f5es brasileiros de Mountain Bike, garantiram o ranking da Confedera\u00e7\u00e3o Brasileira de Ciclismo (CBC), que foi divulgado nesta semana. Os nomes dos nossos atletas figuram no topo da lista.<\/p>\n<p><strong><em>PARAB\u00c9NS!<\/em><\/strong><\/p>\n<p><em>*BLOG DO ELOILTON CAJUHY<\/em><\/p>\n","protected":false},"excerpt":{"rendered":"<p>Os ciclistas bonfinenses Regivaldo Moreira e L\u00e1zaro Macedo, campe\u00f5es brasileiros de Mountain Bike, garantiram o ranking da Confedera\u00e7\u00e3o Brasileira de Ciclismo (CBC), que foi divulgado nesta semana. Os nomes dos nossos atletas figuram no topo da lista. PARAB\u00c9NS! *BLOG DO ELOILTON CAJUHY<\/p>\n","protected":false},"author":2,"featured_media":14404,"comment_status":"open","ping_status":"open","sticky":false,"template":"","format":"standard","meta":{"_acf_changed":false,"_monsterinsights_skip_tracking":false,"_monsterinsights_sitenote_active":false,"_monsterinsights_sitenote_note":"","_monsterinsights_sitenote_category":0,"_jetpack_memberships_contains_paid_content":false,"footnotes":"","jetpack_publicize_message":"","jetpack_publicize_feature_enabled":true,"jetpack_social_post_already_shared":true,"jetpack_social_options":{"image_generator_settings":{"template":"highway","default_image_id":0,"font":"","enabled":false},"version":2}},"categories":[6,1,4],"tags":[],"class_list":["post-14366","post","type-post","status-publish","format-standard","has-post-thumbnail","hentry","category-esportes","category-noticias","category-local"],"acf":[],"jetpack_publicize_connections":[],"jetpack_featured_media_url":"https:\/\/i0.wp.com\/blogdoeloiltoncajuhy.com.br\/site\/wp-content\/uploads\/2016\/12\/regi-l%C3%A1zaro2.jpg?fit=475%2C473&ssl=1","jetpack_sharing_enabled":true,"publishpress_future_workflow_manual_trigger":{"enabledWorkflows":[]},"_links":{"self":[{"href":"https:\/\/blogdoeloiltoncajuhy.com.br\/site\/wp-json\/wp\/v2\/posts\/14366","targetHints":{"allow":["GET"]}}],"collection":[{"href":"https:\/\/blogdoeloiltoncajuhy.com.br\/site\/wp-json\/wp\/v2\/posts"}],"about":[{"href":"https:\/\/blogdoeloiltoncajuhy.com.br\/site\/wp-json\/wp\/v2\/types\/post"}],"author":[{"embeddable":true,"href":"https:\/\/blogdoeloiltoncajuhy.com.br\/site\/wp-json\/wp\/v2\/users\/2"}],"replies":[{"embeddable":true,"href":"https:\/\/blogdoeloiltoncajuhy.com.br\/site\/wp-json\/wp\/v2\/comments?post=14366"}],"version-history":[{"count":6,"href":"https:\/\/blogdoeloiltoncajuhy.com.br\/site\/wp-json\/wp\/v2\/posts\/14366\/revisions"}],"predecessor-version":[{"id":14405,"href":"https:\/\/blogdoeloiltoncajuhy.com.br\/site\/wp-json\/wp\/v2\/posts\/14366\/revisions\/14405"}],"wp:featuredmedia":[{"embeddable":true,"href":"https:\/\/blogdoeloiltoncajuhy.com.br\/site\/wp-json\/wp\/v2\/media\/14404"}],"wp:attachment":[{"href":"https:\/\/blogdoeloiltoncajuhy.com.br\/site\/wp-json\/wp\/v2\/media?parent=14366"}],"wp:term":[{"taxonomy":"category","embeddable":true,"href":"https:\/\/blogdoeloiltoncajuhy.com.br\/site\/wp-json\/wp\/v2\/categories?post=14366"},{"taxonomy":"post_tag","embeddable":true,"href":"https:\/\/blogdoeloiltoncajuhy.com.br\/site\/wp-json\/wp\/v2\/tags?post=14366"}],"curies":[{"name":"wp","href":"https:\/\/api.w.org\/{rel}","templated":true}]}}