{"id":14350,"date":"2016-12-28T09:35:58","date_gmt":"2016-12-28T12:35:58","guid":{"rendered":"http:\/\/blogdoeloiltoncajuhy.com.br\/site\/?p=14350"},"modified":"2016-12-28T09:36:53","modified_gmt":"2016-12-28T12:36:53","slug":"apos-decisao-do-stf-planos-de-celular-ficarao-mais-caros-em-2017","status":"publish","type":"post","link":"https:\/\/blogdoeloiltoncajuhy.com.br\/site\/apos-decisao-do-stf-planos-de-celular-ficarao-mais-caros-em-2017\/","title":{"rendered":"Ap\u00f3s decis\u00e3o do STF, planos de celular ficar\u00e3o mais caros em 2017"},"content":{"rendered":"<p style=\"text-align: center;\"><strong><em>STF decidiu que os planos de telefonia podem ser considerados um servi\u00e7o, e que as operadoras devem recolher o ICMS do valor mensal dos planos de celular<\/em><\/strong><\/p>\n<figure id=\"attachment_14351\" aria-describedby=\"caption-attachment-14351\" style=\"width: 470px\" class=\"wp-caption aligncenter\"><a href=\"https:\/\/i0.wp.com\/blogdoeloiltoncajuhy.com.br\/site\/wp-content\/uploads\/2016\/12\/celulares.jpg\"><img data-recalc-dims=\"1\" fetchpriority=\"high\" decoding=\"async\" class=\"wp-image-14351 size-full\" src=\"https:\/\/i0.wp.com\/blogdoeloiltoncajuhy.com.br\/site\/wp-content\/uploads\/2016\/12\/celulares.jpg?resize=470%2C230\" width=\"470\" height=\"230\" srcset=\"https:\/\/i0.wp.com\/blogdoeloiltoncajuhy.com.br\/site\/wp-content\/uploads\/2016\/12\/celulares.jpg?w=470&amp;ssl=1 470w, https:\/\/i0.wp.com\/blogdoeloiltoncajuhy.com.br\/site\/wp-content\/uploads\/2016\/12\/celulares.jpg?resize=300%2C147&amp;ssl=1 300w, https:\/\/i0.wp.com\/blogdoeloiltoncajuhy.com.br\/site\/wp-content\/uploads\/2016\/12\/celulares.jpg?resize=250%2C122&amp;ssl=1 250w\" sizes=\"(max-width: 470px) 100vw, 470px\" \/><\/a><figcaption id=\"caption-attachment-14351\" class=\"wp-caption-text\">Segundo dados divulgados pela Anatel, at\u00e9 outubro de 2016 o n\u00famero de linhas que utilizam o servi\u00e7o p\u00f3s-pago somava 77,3 milh\u00f5es (Foto: Abr)<\/figcaption><\/figure>\n<p>Os planos de telefonia, fixa e de celular, v\u00e3o ficar mais caros a partir de janeiro. O pre\u00e7o vai subir em todo o pa\u00eds para grande parte dos usu\u00e1rios de celular com planos de conta, os chamados p\u00f3s-pago e controle. Esse grupo soma mais de 77,3 milh\u00f5es de linhas, de acordo com a Ag\u00eancia Nacional de Telecomunica\u00e7\u00f5es (Anatel). Em alguns casos, a alta pode chegar a quase 20%. Para o telefone fixo \u2014 com 42 milh\u00f5es de linhas em funcionamento \u2014, o aumento deve ser de at\u00e9 13%, indica estimativa feita por fontes do setor.<\/p>\n<p>O aumento \u00e9 fruto de uma decis\u00e3o do Supremo Tribunal Federal (STF), de outubro, que obriga as empresas de telefonia a recolherem o Imposto sobre Circula\u00e7\u00e3o de Mercadorias e Servi\u00e7os (ICMS) sobre o valor da assinatura b\u00e1sica (ou pacote de assinatura) que \u00e9 cobrada ao consumidor todo m\u00eas.\u00a0As informa\u00e7\u00f5es s\u00e3o de O Globo.<\/p>\n<p>Para o STF, a assinatura mensal pode ser considerada um servi\u00e7o, j\u00e1 que representa \u201ca efetiva presta\u00e7\u00e3o do servi\u00e7o de comunica\u00e7\u00e3o\u201d. A decis\u00e3o vale tanto para a telefonia fixa quanto para a m\u00f3vel.<\/p>\n<p>Os \u00edndices de aumento, no entanto, v\u00e3o variar, j\u00e1 que cada estado tem sua pr\u00f3pria al\u00edquota de ICMS. No caso do Estado da Bahia, a al\u00edquota atual \u00e9 de 18%.<\/p>\n<p>\u2014 A a\u00e7\u00e3o no STF come\u00e7ou com uma discuss\u00e3o sobre a incid\u00eancia de ICMS na assinatura da telefonia fixa no Rio Grande do Sul. Mas os ju\u00edzes entenderam que a cobran\u00e7a do pacote de assinatura deveria valer para qualquer servi\u00e7o de telecomunica\u00e7\u00e3o. No caso da telefonia m\u00f3vel, os maiores afetados s\u00e3o os usu\u00e1rios de planos p\u00f3s-pagos e controle, pois quase todos cobram pacote de assinatura mesmo, tendo ou n\u00e3o uma franquia de minutos. A classifica\u00e7\u00e3o de pacote varia de acordo com a empresa, j\u00e1 que nem todos os planos cobram por um pacote de assinatura. O melhor \u00e9 entrar em contato com a operadora \u2014 destacou uma fonte do setor&#8221;.<\/p>\n<p><em>*Brasil 247<\/em><\/p>\n","protected":false},"excerpt":{"rendered":"<p>STF decidiu que os planos de telefonia podem ser considerados um servi\u00e7o, e que as operadoras devem recolher o ICMS do valor mensal dos planos de celular Os planos de telefonia, fixa e de celular, v\u00e3o ficar mais caros a partir de janeiro. O pre\u00e7o vai subir em todo o pa\u00eds para grande parte dos [&hellip;]<\/p>\n","protected":false},"author":2,"featured_media":14351,"comment_status":"open","ping_status":"open","sticky":false,"template":"","format":"standard","meta":{"_acf_changed":false,"_monsterinsights_skip_tracking":false,"_monsterinsights_sitenote_active":false,"_monsterinsights_sitenote_note":"","_monsterinsights_sitenote_category":0,"_jetpack_memberships_contains_paid_content":false,"footnotes":"","jetpack_publicize_message":"","jetpack_publicize_feature_enabled":true,"jetpack_social_post_already_shared":true,"jetpack_social_options":{"image_generator_settings":{"template":"highway","default_image_id":0,"font":"","enabled":false},"version":2}},"categories":[5,1],"tags":[],"class_list":["post-14350","post","type-post","status-publish","format-standard","has-post-thumbnail","hentry","category-cotidiano","category-noticias"],"acf":[],"jetpack_publicize_connections":[],"jetpack_featured_media_url":"https:\/\/i0.wp.com\/blogdoeloiltoncajuhy.com.br\/site\/wp-content\/uploads\/2016\/12\/celulares.jpg?fit=470%2C230&ssl=1","jetpack_sharing_enabled":true,"publishpress_future_workflow_manual_trigger":{"enabledWorkflows":[]},"_links":{"self":[{"href":"https:\/\/blogdoeloiltoncajuhy.com.br\/site\/wp-json\/wp\/v2\/posts\/14350","targetHints":{"allow":["GET"]}}],"collection":[{"href":"https:\/\/blogdoeloiltoncajuhy.com.br\/site\/wp-json\/wp\/v2\/posts"}],"about":[{"href":"https:\/\/blogdoeloiltoncajuhy.com.br\/site\/wp-json\/wp\/v2\/types\/post"}],"author":[{"embeddable":true,"href":"https:\/\/blogdoeloiltoncajuhy.com.br\/site\/wp-json\/wp\/v2\/users\/2"}],"replies":[{"embeddable":true,"href":"https:\/\/blogdoeloiltoncajuhy.com.br\/site\/wp-json\/wp\/v2\/comments?post=14350"}],"version-history":[{"count":2,"href":"https:\/\/blogdoeloiltoncajuhy.com.br\/site\/wp-json\/wp\/v2\/posts\/14350\/revisions"}],"predecessor-version":[{"id":14353,"href":"https:\/\/blogdoeloiltoncajuhy.com.br\/site\/wp-json\/wp\/v2\/posts\/14350\/revisions\/14353"}],"wp:featuredmedia":[{"embeddable":true,"href":"https:\/\/blogdoeloiltoncajuhy.com.br\/site\/wp-json\/wp\/v2\/media\/14351"}],"wp:attachment":[{"href":"https:\/\/blogdoeloiltoncajuhy.com.br\/site\/wp-json\/wp\/v2\/media?parent=14350"}],"wp:term":[{"taxonomy":"category","embeddable":true,"href":"https:\/\/blogdoeloiltoncajuhy.com.br\/site\/wp-json\/wp\/v2\/categories?post=14350"},{"taxonomy":"post_tag","embeddable":true,"href":"https:\/\/blogdoeloiltoncajuhy.com.br\/site\/wp-json\/wp\/v2\/tags?post=14350"}],"curies":[{"name":"wp","href":"https:\/\/api.w.org\/{rel}","templated":true}]}}