{"id":14344,"date":"2016-12-27T20:11:38","date_gmt":"2016-12-27T23:11:38","guid":{"rendered":"http:\/\/blogdoeloiltoncajuhy.com.br\/site\/?p=14344"},"modified":"2016-12-27T20:11:38","modified_gmt":"2016-12-27T23:11:38","slug":"comece-a-quarta-feira-meditando-a-fuga-para-o-egito-mt-213-18","status":"publish","type":"post","link":"https:\/\/blogdoeloiltoncajuhy.com.br\/site\/comece-a-quarta-feira-meditando-a-fuga-para-o-egito-mt-213-18\/","title":{"rendered":"COMECE A QUARTA-FEIRA MEDITANDO: &#8220;A fuga para o Egito&#8221; &#8211; Mt 2,13-18"},"content":{"rendered":"<p><a href=\"https:\/\/i0.wp.com\/blogdoeloiltoncajuhy.com.br\/site\/wp-content\/uploads\/2015\/10\/liturgia_diaria.jpg\"><img data-recalc-dims=\"1\" fetchpriority=\"high\" decoding=\"async\" class=\"aligncenter size-full wp-image-4757\" src=\"https:\/\/i0.wp.com\/blogdoeloiltoncajuhy.com.br\/site\/wp-content\/uploads\/2015\/10\/liturgia_diaria.jpg?resize=449%2C340\" alt=\"\" width=\"449\" height=\"340\" srcset=\"https:\/\/i0.wp.com\/blogdoeloiltoncajuhy.com.br\/site\/wp-content\/uploads\/2015\/10\/liturgia_diaria.jpg?w=449&amp;ssl=1 449w, https:\/\/i0.wp.com\/blogdoeloiltoncajuhy.com.br\/site\/wp-content\/uploads\/2015\/10\/liturgia_diaria.jpg?resize=300%2C227&amp;ssl=1 300w, https:\/\/i0.wp.com\/blogdoeloiltoncajuhy.com.br\/site\/wp-content\/uploads\/2015\/10\/liturgia_diaria.jpg?resize=250%2C189&amp;ssl=1 250w\" sizes=\"(max-width: 449px) 100vw, 449px\" \/><\/a>Depois que os magos partiram, o Anjo do Senhor apareceu em sonho a Jos\u00e9 e lhe disse: \u201cLevanta-te, pega o menino e sua m\u00e3e e foge para o Egito! Fica l\u00e1 at\u00e9 que eu te avise! Porque Herodes vai procurar o menino para mat\u00e1-lo\u201d. Jos\u00e9 levantou-se de noite, pegou o menino e sua m\u00e3e, e partiu para o Egito. Ali ficou at\u00e9 a morte de Herodes, para se cumprir o que o Senhor havia dito pelo profeta: \u201cDo Egito chamei o meu Filho\u201d. Quando Herodes percebeu que os magos o haviam enganado, ficou muito furioso. Mandou matar todos os meninos de Bel\u00e9m e de todo o territ\u00f3rio vizinho, de dois anos para baixo, exatamente conforme o tempo indicado pelos magos. Ent\u00e3o se cumpriu o que foi dito pelo profeta Jeremias: \u201cOuviu-se um grito em Ram\u00e1, choro e grande lamento: \u00e9 Raquel que chora seus filhos, e n\u00e3o quer ser consolada, porque eles n\u00e3o existem mais\u201d.<\/p>\n<p><em><strong>*<a href=\"http:\/\/liturgia.cancaonova.com\/liturgia\/santos-inocentes-martires-quarta-feira-28122016\/\">Can\u00e7\u00e3o Nova<\/a><\/strong><\/em><\/p>\n","protected":false},"excerpt":{"rendered":"<p>Depois que os magos partiram, o Anjo do Senhor apareceu em sonho a Jos\u00e9 e lhe disse: \u201cLevanta-te, pega o menino e sua m\u00e3e e foge para o Egito! Fica l\u00e1 at\u00e9 que eu te avise! Porque Herodes vai procurar o menino para mat\u00e1-lo\u201d. Jos\u00e9 levantou-se de noite, pegou o menino e sua m\u00e3e, e [&hellip;]<\/p>\n","protected":false},"author":2,"featured_media":0,"comment_status":"open","ping_status":"open","sticky":false,"template":"","format":"standard","meta":{"_acf_changed":false,"_monsterinsights_skip_tracking":false,"_monsterinsights_sitenote_active":false,"_monsterinsights_sitenote_note":"","_monsterinsights_sitenote_category":0,"_jetpack_memberships_contains_paid_content":false,"footnotes":"","jetpack_publicize_message":"","jetpack_publicize_feature_enabled":true,"jetpack_social_post_already_shared":true,"jetpack_social_options":{"image_generator_settings":{"template":"highway","default_image_id":0,"font":"","enabled":false},"version":2}},"categories":[1,9],"tags":[],"class_list":["post-14344","post","type-post","status-publish","format-standard","hentry","category-noticias","category-reflexao"],"acf":[],"jetpack_publicize_connections":[],"jetpack_featured_media_url":"","jetpack_sharing_enabled":true,"publishpress_future_workflow_manual_trigger":{"enabledWorkflows":[]},"_links":{"self":[{"href":"https:\/\/blogdoeloiltoncajuhy.com.br\/site\/wp-json\/wp\/v2\/posts\/14344","targetHints":{"allow":["GET"]}}],"collection":[{"href":"https:\/\/blogdoeloiltoncajuhy.com.br\/site\/wp-json\/wp\/v2\/posts"}],"about":[{"href":"https:\/\/blogdoeloiltoncajuhy.com.br\/site\/wp-json\/wp\/v2\/types\/post"}],"author":[{"embeddable":true,"href":"https:\/\/blogdoeloiltoncajuhy.com.br\/site\/wp-json\/wp\/v2\/users\/2"}],"replies":[{"embeddable":true,"href":"https:\/\/blogdoeloiltoncajuhy.com.br\/site\/wp-json\/wp\/v2\/comments?post=14344"}],"version-history":[{"count":1,"href":"https:\/\/blogdoeloiltoncajuhy.com.br\/site\/wp-json\/wp\/v2\/posts\/14344\/revisions"}],"predecessor-version":[{"id":14345,"href":"https:\/\/blogdoeloiltoncajuhy.com.br\/site\/wp-json\/wp\/v2\/posts\/14344\/revisions\/14345"}],"wp:attachment":[{"href":"https:\/\/blogdoeloiltoncajuhy.com.br\/site\/wp-json\/wp\/v2\/media?parent=14344"}],"wp:term":[{"taxonomy":"category","embeddable":true,"href":"https:\/\/blogdoeloiltoncajuhy.com.br\/site\/wp-json\/wp\/v2\/categories?post=14344"},{"taxonomy":"post_tag","embeddable":true,"href":"https:\/\/blogdoeloiltoncajuhy.com.br\/site\/wp-json\/wp\/v2\/tags?post=14344"}],"curies":[{"name":"wp","href":"https:\/\/api.w.org\/{rel}","templated":true}]}}