{"id":14335,"date":"2016-12-27T19:37:24","date_gmt":"2016-12-27T22:37:24","guid":{"rendered":"http:\/\/blogdoeloiltoncajuhy.com.br\/site\/?p=14335"},"modified":"2016-12-27T19:37:24","modified_gmt":"2016-12-27T22:37:24","slug":"opiniao-reforco-escolar-nao-estamos-fazendo-isso-direito","status":"publish","type":"post","link":"https:\/\/blogdoeloiltoncajuhy.com.br\/site\/opiniao-reforco-escolar-nao-estamos-fazendo-isso-direito\/","title":{"rendered":"OPINI\u00c3O &#8211; Refor\u00e7o escolar: n\u00e3o estamos fazendo isso direito"},"content":{"rendered":"<p style=\"text-align: right;\"><em><strong>*Por Ricardo Althoff<\/strong><\/em><\/p>\n<p style=\"text-align: left;\"><a href=\"https:\/\/i0.wp.com\/blogdoeloiltoncajuhy.com.br\/site\/wp-content\/uploads\/2016\/12\/ricardo-althoff-e1482878173426.jpg\"><img data-recalc-dims=\"1\" fetchpriority=\"high\" decoding=\"async\" class=\"wp-image-14336 size-medium alignleft\" src=\"https:\/\/i0.wp.com\/blogdoeloiltoncajuhy.com.br\/site\/wp-content\/uploads\/2016\/12\/ricardo-althoff.jpg?resize=169%2C300\" width=\"169\" height=\"300\" \/><\/a>Chega a ser um tanto absurdo o modo como o refor\u00e7o escolar \u00e9 visto e utilizado pelo modelo de ensino nacional, atualmente. Quase n\u00e3o h\u00e1 espa\u00e7o para o programa de ensino paralelo, e muitas vezes ele \u00e9 tratado como puni\u00e7\u00e3o, no m\u00e1ximo um intensivo de fim de ano para passar em uma ou outra prova.<\/p>\n<p style=\"text-align: left;\">O problema est\u00e1 na forma como se entende o aluno. Ele \u00e9 visto como um produto em uma esteira de linha de montagem. Se ele apresenta algum defeito tr\u00eas coisas podem ocorrer: ele \u00e9 descartado, ele \u00e9 remendado no fim do processo e passa mesmo tendo problemas estruturais, ou ele volta para o come\u00e7o da esteira, mesmo sem precisar passar por todas as etapas para concertar um problema, que muitas vezes \u00e9 novamente ignorado.<\/p>\n<p style=\"text-align: left;\">N\u00e3o \u00e9 a toa que s\u00f3 h\u00e1 tr\u00eas op\u00e7\u00f5es plaus\u00edveis para esse modelo: abandono escolar, recupera\u00e7\u00e3o e progress\u00e3o continuada, ou repet\u00eancia. Os moldes de nosso ensino ainda s\u00e3o baseados em necessidades ultrapassadas, acomodadas e ineficientes. Hoje a taxa de reprova\u00e7\u00e3o de alunos no ensino m\u00e9dio chega a 13,1% no pa\u00eds, de acordo com o estudo Todos pela Educa\u00e7\u00e3o. Esse n\u00famero \u00e9 enorme quando comparado aos 2% de pa\u00edses l\u00edderes em educa\u00e7\u00e3o como a Finl\u00e2ndia.<\/p>\n<p style=\"text-align: left;\">S\u00e3o aproximadamente U$ 3 bilh\u00f5es\/ano mal investidos em uma educa\u00e7\u00e3o que n\u00e3o levar\u00e1 o aluno a lugar algum, j\u00e1 que o ensino precisa ser personalizado de acordo com a necessidade individual.\u00a0O que mais incomoda \u00e9 que uma solu\u00e7\u00e3o simples poderia ser aplicada de forma preventiva e que resolveria esse problema: justamente o uso do refor\u00e7o escolar ao longo do ano letivo. A maioria dos educadores j\u00e1 entende o refor\u00e7o escolar como uma ferramenta paralela e necess\u00e1ria para a maior parte dos estudantes.<\/p>\n<p style=\"text-align: left;\">O aprendizado \u00e9 algo que demanda dedica\u00e7\u00e3o fora da sala de aula, e, muitas vezes, \u00e9 dif\u00edcil para a crian\u00e7a e o adolescente estudarem sozinhos em casa. A falta de disciplina de estudo e a impossibilidade da maioria dos pais, que trabalham, de ajudar, contam muito para que isso n\u00e3o ocorra.\u00a0O uso do refor\u00e7o bem planejado como atividade paralela durante todo o ano ajuda a dar aprofundamento ao aluno, assim como descobrir e trabalhar pontos de dificuldade.<\/p>\n<p style=\"text-align: left;\">\u00c9 um bra\u00e7o educacional, n\u00e3o um salva-vidas, e que pode e, deve ser feito por profissionais da educa\u00e7\u00e3o. Esse inclusive \u00e9 um ramo em crescimento para o empreendedorismo educacional. A necessidade existe e ela reflete o cen\u00e1rio social. O uso da internet e da EAD (educa\u00e7\u00e3o \u00e0 dist\u00e2ncia) deram alternativas para o refor\u00e7o escolar ser realizado sem a necessidade de grandes investimentos em infraestrutura, o que barateou os custos para educadores e alunos.<\/p>\n<p style=\"text-align: left;\">Claro que ainda h\u00e1 um problema envolvendo as diferen\u00e7as de ensino particular e p\u00fablico. A falta de verba torna complicado investir em mais professores, espa\u00e7os e materiais na escola p\u00fablica. No ensino particular o refor\u00e7o pode inserir um gasto alto com as escolas, que ainda entendem o refor\u00e7o como o \u201cextra\u201d de seu servi\u00e7o.<\/p>\n<p style=\"text-align: left;\">Entretanto, plataformas de refor\u00e7o online est\u00e3o dispon\u00edveis para a maioria dos alunos, e pelo barateamento do processo \u00e9 poss\u00edvel cobrar mais barato. \u00c9 neg\u00f3cio para o empreendedor, e \u00e9 acesso para o aluno, que muitas vezes, mesmo na rede p\u00fablica, j\u00e1 possui internet em casa.<\/p>\n<p style=\"text-align: left;\">H\u00e1 de se mudar paradigmas, aproveitar oportunidades e investir na educa\u00e7\u00e3o. S\u00f3 n\u00e3o adianta esperar que o sistema mude. Os resultados est\u00e3o ai h\u00e1 anos e ele continua parado, pregui\u00e7oso e mal planejado. Cabe aos educadores tomar em suas m\u00e3os a oportunidade, pois eles podem fazer a diferen\u00e7a, mudar suas vidas e a de outros.<\/p>\n<p style=\"text-align: left;\">Vivemos em uma \u00e9poca que demanda essa nova postura. Aproveite o fim de ano para refletir. Tudo tem potencial para mudar.<\/p>\n<p style=\"text-align: left;\"><em><strong>*Ricardo Althoff \u00e9 CEO da Seu Professor Empreendedor &amp; Neg\u00f3cios<\/strong><\/em><\/p>\n<p style=\"text-align: left;\"><em>**Informa\u00e7\u00f5es para a imprensa:\u00a0InformaM\u00eddia Comunica\u00e7\u00e3o<\/em><\/p>\n","protected":false},"excerpt":{"rendered":"<p>*Por Ricardo Althoff Chega a ser um tanto absurdo o modo como o refor\u00e7o escolar \u00e9 visto e utilizado pelo modelo de ensino nacional, atualmente. Quase n\u00e3o h\u00e1 espa\u00e7o para o programa de ensino paralelo, e muitas vezes ele \u00e9 tratado como puni\u00e7\u00e3o, no m\u00e1ximo um intensivo de fim de ano para passar em uma [&hellip;]<\/p>\n","protected":false},"author":2,"featured_media":14336,"comment_status":"open","ping_status":"open","sticky":false,"template":"","format":"standard","meta":{"_acf_changed":false,"_monsterinsights_skip_tracking":false,"_monsterinsights_sitenote_active":false,"_monsterinsights_sitenote_note":"","_monsterinsights_sitenote_category":0,"_jetpack_memberships_contains_paid_content":false,"footnotes":"","jetpack_publicize_message":"","jetpack_publicize_feature_enabled":true,"jetpack_social_post_already_shared":true,"jetpack_social_options":{"image_generator_settings":{"template":"highway","default_image_id":0,"font":"","enabled":false},"version":2}},"categories":[14,1],"tags":[],"class_list":["post-14335","post","type-post","status-publish","format-standard","has-post-thumbnail","hentry","category-educacao","category-noticias"],"acf":[],"jetpack_publicize_connections":[],"jetpack_featured_media_url":"https:\/\/i0.wp.com\/blogdoeloiltoncajuhy.com.br\/site\/wp-content\/uploads\/2016\/12\/ricardo-althoff-e1482878173426.jpg?fit=304%2C540&ssl=1","jetpack_sharing_enabled":true,"publishpress_future_workflow_manual_trigger":{"enabledWorkflows":[]},"_links":{"self":[{"href":"https:\/\/blogdoeloiltoncajuhy.com.br\/site\/wp-json\/wp\/v2\/posts\/14335","targetHints":{"allow":["GET"]}}],"collection":[{"href":"https:\/\/blogdoeloiltoncajuhy.com.br\/site\/wp-json\/wp\/v2\/posts"}],"about":[{"href":"https:\/\/blogdoeloiltoncajuhy.com.br\/site\/wp-json\/wp\/v2\/types\/post"}],"author":[{"embeddable":true,"href":"https:\/\/blogdoeloiltoncajuhy.com.br\/site\/wp-json\/wp\/v2\/users\/2"}],"replies":[{"embeddable":true,"href":"https:\/\/blogdoeloiltoncajuhy.com.br\/site\/wp-json\/wp\/v2\/comments?post=14335"}],"version-history":[{"count":1,"href":"https:\/\/blogdoeloiltoncajuhy.com.br\/site\/wp-json\/wp\/v2\/posts\/14335\/revisions"}],"predecessor-version":[{"id":14337,"href":"https:\/\/blogdoeloiltoncajuhy.com.br\/site\/wp-json\/wp\/v2\/posts\/14335\/revisions\/14337"}],"wp:featuredmedia":[{"embeddable":true,"href":"https:\/\/blogdoeloiltoncajuhy.com.br\/site\/wp-json\/wp\/v2\/media\/14336"}],"wp:attachment":[{"href":"https:\/\/blogdoeloiltoncajuhy.com.br\/site\/wp-json\/wp\/v2\/media?parent=14335"}],"wp:term":[{"taxonomy":"category","embeddable":true,"href":"https:\/\/blogdoeloiltoncajuhy.com.br\/site\/wp-json\/wp\/v2\/categories?post=14335"},{"taxonomy":"post_tag","embeddable":true,"href":"https:\/\/blogdoeloiltoncajuhy.com.br\/site\/wp-json\/wp\/v2\/tags?post=14335"}],"curies":[{"name":"wp","href":"https:\/\/api.w.org\/{rel}","templated":true}]}}