{"id":14332,"date":"2016-12-27T19:03:24","date_gmt":"2016-12-27T22:03:24","guid":{"rendered":"http:\/\/blogdoeloiltoncajuhy.com.br\/site\/?p=14332"},"modified":"2016-12-27T19:03:24","modified_gmt":"2016-12-27T22:03:24","slug":"bonfim-brasileiro-convida-imprensa-para-coletiva-nesta-quinta-feira-29","status":"publish","type":"post","link":"https:\/\/blogdoeloiltoncajuhy.com.br\/site\/bonfim-brasileiro-convida-imprensa-para-coletiva-nesta-quinta-feira-29\/","title":{"rendered":"BONFIM: Brasileiro convida imprensa para coletiva nesta quinta-feira (29)"},"content":{"rendered":"<figure id=\"attachment_14333\" aria-describedby=\"caption-attachment-14333\" style=\"width: 300px\" class=\"wp-caption alignright\"><a href=\"https:\/\/i0.wp.com\/blogdoeloiltoncajuhy.com.br\/site\/wp-content\/uploads\/2016\/12\/Brasileiro-coletiva-novo-leste-e1482876151113.jpg\"><img data-recalc-dims=\"1\" fetchpriority=\"high\" decoding=\"async\" class=\"wp-image-14333 size-medium\" src=\"https:\/\/i0.wp.com\/blogdoeloiltoncajuhy.com.br\/site\/wp-content\/uploads\/2016\/12\/Brasileiro-coletiva-novo-leste.jpg?resize=300%2C200\" width=\"300\" height=\"200\" \/><\/a><figcaption id=\"caption-attachment-14333\" class=\"wp-caption-text\">Ascom Brasileiro<\/figcaption><\/figure>\n<p>Na pr\u00f3xima quinta-feira (29), \u00e0s 9h, no audit\u00f3rio do Hotel Novo Leste, acontecer\u00e1 uma coletiva de imprensa com a participa\u00e7\u00e3o do Prefeito eleito Carlos Brasileiro, Vice-prefeito eleito Z\u00e9 Ant\u00f4nio e os futuros secret\u00e1rios.<\/p>\n<p>No encontro, Brasileiro apresentar\u00e1 \u00e0 imprensa o cronograma com as principais a\u00e7\u00f5es que ser\u00e3o executadas nas primeiras semanas de gest\u00e3o, falar\u00e1 tamb\u00e9m sobre o concurso p\u00fablico, sobre o processo de transi\u00e7\u00e3o e outras a\u00e7\u00f5es do futuro governo municipal.<\/p>\n<p>O futuro Chefe de Gabinete, Helder Amorim, sintetizou sua expectativa sobre o aguardado encontro: \u201cConvidamos a imprensa local e regional para participar deste momento de intera\u00e7\u00e3o onde ser\u00e3o expostos os principais pontos que marcar\u00e3o o recome\u00e7o de um trabalho reconhecido pela popula\u00e7\u00e3o bonfinense\u201d, afirmou.<\/p>\n<p>Na sexta-feira (30), \u00e0s 8h30, no audit\u00f3rio do Col\u00e9gio das Sacramentinas &#8211; um dia ap\u00f3s coletiva de imprensa, acontecer\u00e1 a \u00faltima reuni\u00e3o do futuro governo municipal antes da solenidade de posse. O tema da reuni\u00e3o aberta tamb\u00e9m ser\u00e1 abordado durante a coletiva de imprensa.<\/p>\n<p><em>*Ascom Brasileiro<\/em><\/p>\n","protected":false},"excerpt":{"rendered":"<p>Na pr\u00f3xima quinta-feira (29), \u00e0s 9h, no audit\u00f3rio do Hotel Novo Leste, acontecer\u00e1 uma coletiva de imprensa com a participa\u00e7\u00e3o do Prefeito eleito Carlos Brasileiro, Vice-prefeito eleito Z\u00e9 Ant\u00f4nio e os futuros secret\u00e1rios. No encontro, Brasileiro apresentar\u00e1 \u00e0 imprensa o cronograma com as principais a\u00e7\u00f5es que ser\u00e3o executadas nas primeiras semanas de gest\u00e3o, falar\u00e1 tamb\u00e9m [&hellip;]<\/p>\n","protected":false},"author":2,"featured_media":14333,"comment_status":"open","ping_status":"open","sticky":false,"template":"","format":"standard","meta":{"_acf_changed":false,"_monsterinsights_skip_tracking":false,"_monsterinsights_sitenote_active":false,"_monsterinsights_sitenote_note":"","_monsterinsights_sitenote_category":0,"_jetpack_memberships_contains_paid_content":false,"footnotes":"","jetpack_publicize_message":"","jetpack_publicize_feature_enabled":true,"jetpack_social_post_already_shared":true,"jetpack_social_options":{"image_generator_settings":{"template":"highway","default_image_id":0,"font":"","enabled":false},"version":2}},"categories":[1,3,4],"tags":[],"class_list":["post-14332","post","type-post","status-publish","format-standard","has-post-thumbnail","hentry","category-noticias","category-politica","category-local"],"acf":[],"jetpack_publicize_connections":[],"jetpack_featured_media_url":"https:\/\/i0.wp.com\/blogdoeloiltoncajuhy.com.br\/site\/wp-content\/uploads\/2016\/12\/Brasileiro-coletiva-novo-leste-e1482876151113.jpg?fit=600%2C400&ssl=1","jetpack_sharing_enabled":true,"publishpress_future_workflow_manual_trigger":{"enabledWorkflows":[]},"_links":{"self":[{"href":"https:\/\/blogdoeloiltoncajuhy.com.br\/site\/wp-json\/wp\/v2\/posts\/14332","targetHints":{"allow":["GET"]}}],"collection":[{"href":"https:\/\/blogdoeloiltoncajuhy.com.br\/site\/wp-json\/wp\/v2\/posts"}],"about":[{"href":"https:\/\/blogdoeloiltoncajuhy.com.br\/site\/wp-json\/wp\/v2\/types\/post"}],"author":[{"embeddable":true,"href":"https:\/\/blogdoeloiltoncajuhy.com.br\/site\/wp-json\/wp\/v2\/users\/2"}],"replies":[{"embeddable":true,"href":"https:\/\/blogdoeloiltoncajuhy.com.br\/site\/wp-json\/wp\/v2\/comments?post=14332"}],"version-history":[{"count":1,"href":"https:\/\/blogdoeloiltoncajuhy.com.br\/site\/wp-json\/wp\/v2\/posts\/14332\/revisions"}],"predecessor-version":[{"id":14334,"href":"https:\/\/blogdoeloiltoncajuhy.com.br\/site\/wp-json\/wp\/v2\/posts\/14332\/revisions\/14334"}],"wp:featuredmedia":[{"embeddable":true,"href":"https:\/\/blogdoeloiltoncajuhy.com.br\/site\/wp-json\/wp\/v2\/media\/14333"}],"wp:attachment":[{"href":"https:\/\/blogdoeloiltoncajuhy.com.br\/site\/wp-json\/wp\/v2\/media?parent=14332"}],"wp:term":[{"taxonomy":"category","embeddable":true,"href":"https:\/\/blogdoeloiltoncajuhy.com.br\/site\/wp-json\/wp\/v2\/categories?post=14332"},{"taxonomy":"post_tag","embeddable":true,"href":"https:\/\/blogdoeloiltoncajuhy.com.br\/site\/wp-json\/wp\/v2\/tags?post=14332"}],"curies":[{"name":"wp","href":"https:\/\/api.w.org\/{rel}","templated":true}]}}