{"id":14329,"date":"2016-12-27T09:38:38","date_gmt":"2016-12-27T12:38:38","guid":{"rendered":"http:\/\/blogdoeloiltoncajuhy.com.br\/site\/?p=14329"},"modified":"2016-12-27T09:38:38","modified_gmt":"2016-12-27T12:38:38","slug":"divulgado-nome-dos-aprovados-no-concurso-da-policia-civil","status":"publish","type":"post","link":"https:\/\/blogdoeloiltoncajuhy.com.br\/site\/divulgado-nome-dos-aprovados-no-concurso-da-policia-civil\/","title":{"rendered":"Divulgado nome dos aprovados no concurso da Pol\u00edcia Civil"},"content":{"rendered":"<p><a href=\"https:\/\/i0.wp.com\/blogdoeloiltoncajuhy.com.br\/site\/wp-content\/uploads\/2016\/12\/policia-civil-bahia.jpg\"><img data-recalc-dims=\"1\" fetchpriority=\"high\" decoding=\"async\" class=\"aligncenter size-full wp-image-14330\" src=\"https:\/\/i0.wp.com\/blogdoeloiltoncajuhy.com.br\/site\/wp-content\/uploads\/2016\/12\/policia-civil-bahia.jpg?resize=530%2C300\" alt=\"\" width=\"530\" height=\"300\" srcset=\"https:\/\/i0.wp.com\/blogdoeloiltoncajuhy.com.br\/site\/wp-content\/uploads\/2016\/12\/policia-civil-bahia.jpg?w=530&amp;ssl=1 530w, https:\/\/i0.wp.com\/blogdoeloiltoncajuhy.com.br\/site\/wp-content\/uploads\/2016\/12\/policia-civil-bahia.jpg?resize=300%2C170&amp;ssl=1 300w, https:\/\/i0.wp.com\/blogdoeloiltoncajuhy.com.br\/site\/wp-content\/uploads\/2016\/12\/policia-civil-bahia.jpg?resize=250%2C142&amp;ssl=1 250w\" sizes=\"(max-width: 530px) 100vw, 530px\" \/><\/a>A edi\u00e7\u00e3o desta ter\u00e7a-feira (27) do Di\u00e1rio Oficial do Estado (DOE) traz os nomes dos 11 candidatos aprovados no concurso da Pol\u00edcia Civil para a fun\u00e7\u00e3o de escriv\u00e3o. A nomea\u00e7\u00e3o foi assinada pelo governador Rui Costa no dia anterior e anunciada por meio de sua conta no Twitter.<\/p>\n<p>Os novos servidores foram aprovados no concurso p\u00fablico para a corpora\u00e7\u00e3o realizado em 2013, que contemplou vagas para as carreiras de delegado, investigador e escriv\u00e3o de pol\u00edcia.<\/p>\n<p>No come\u00e7o deste m\u00eas, o Governo do Estado nomeou 51 novos profissionais para a Pol\u00edcia Civil &#8211; 35 delegados e 16 escriv\u00e3es. Em novembro deste ano, o Governo tamb\u00e9m nomeou aprovados no concurso para peritos do Departamento de Pol\u00edcia T\u00e9cnica (DPT) para o preenchimento de 65 vagas. Ainda na \u00e1rea da seguran\u00e7a p\u00fablica, foram 411 agentes penitenci\u00e1rios nomeados em 2016.<\/p>\n<p>*<em>Fonte: Ascom\/Secretaria da Seguran\u00e7a P\u00fablica (SSP)<\/em><\/p>\n","protected":false},"excerpt":{"rendered":"<p>A edi\u00e7\u00e3o desta ter\u00e7a-feira (27) do Di\u00e1rio Oficial do Estado (DOE) traz os nomes dos 11 candidatos aprovados no concurso da Pol\u00edcia Civil para a fun\u00e7\u00e3o de escriv\u00e3o. A nomea\u00e7\u00e3o foi assinada pelo governador Rui Costa no dia anterior e anunciada por meio de sua conta no Twitter. Os novos servidores foram aprovados no concurso [&hellip;]<\/p>\n","protected":false},"author":2,"featured_media":14330,"comment_status":"open","ping_status":"open","sticky":false,"template":"","format":"standard","meta":{"_acf_changed":false,"_monsterinsights_skip_tracking":false,"_monsterinsights_sitenote_active":false,"_monsterinsights_sitenote_note":"","_monsterinsights_sitenote_category":0,"_jetpack_memberships_contains_paid_content":false,"footnotes":"","jetpack_publicize_message":"","jetpack_publicize_feature_enabled":true,"jetpack_social_post_already_shared":true,"jetpack_social_options":{"image_generator_settings":{"template":"highway","default_image_id":0,"font":"","enabled":false},"version":2}},"categories":[5,1],"tags":[],"class_list":["post-14329","post","type-post","status-publish","format-standard","has-post-thumbnail","hentry","category-cotidiano","category-noticias"],"acf":[],"jetpack_publicize_connections":[],"jetpack_featured_media_url":"https:\/\/i0.wp.com\/blogdoeloiltoncajuhy.com.br\/site\/wp-content\/uploads\/2016\/12\/policia-civil-bahia.jpg?fit=530%2C300&ssl=1","jetpack_sharing_enabled":true,"publishpress_future_workflow_manual_trigger":{"enabledWorkflows":[]},"_links":{"self":[{"href":"https:\/\/blogdoeloiltoncajuhy.com.br\/site\/wp-json\/wp\/v2\/posts\/14329","targetHints":{"allow":["GET"]}}],"collection":[{"href":"https:\/\/blogdoeloiltoncajuhy.com.br\/site\/wp-json\/wp\/v2\/posts"}],"about":[{"href":"https:\/\/blogdoeloiltoncajuhy.com.br\/site\/wp-json\/wp\/v2\/types\/post"}],"author":[{"embeddable":true,"href":"https:\/\/blogdoeloiltoncajuhy.com.br\/site\/wp-json\/wp\/v2\/users\/2"}],"replies":[{"embeddable":true,"href":"https:\/\/blogdoeloiltoncajuhy.com.br\/site\/wp-json\/wp\/v2\/comments?post=14329"}],"version-history":[{"count":1,"href":"https:\/\/blogdoeloiltoncajuhy.com.br\/site\/wp-json\/wp\/v2\/posts\/14329\/revisions"}],"predecessor-version":[{"id":14331,"href":"https:\/\/blogdoeloiltoncajuhy.com.br\/site\/wp-json\/wp\/v2\/posts\/14329\/revisions\/14331"}],"wp:featuredmedia":[{"embeddable":true,"href":"https:\/\/blogdoeloiltoncajuhy.com.br\/site\/wp-json\/wp\/v2\/media\/14330"}],"wp:attachment":[{"href":"https:\/\/blogdoeloiltoncajuhy.com.br\/site\/wp-json\/wp\/v2\/media?parent=14329"}],"wp:term":[{"taxonomy":"category","embeddable":true,"href":"https:\/\/blogdoeloiltoncajuhy.com.br\/site\/wp-json\/wp\/v2\/categories?post=14329"},{"taxonomy":"post_tag","embeddable":true,"href":"https:\/\/blogdoeloiltoncajuhy.com.br\/site\/wp-json\/wp\/v2\/tags?post=14329"}],"curies":[{"name":"wp","href":"https:\/\/api.w.org\/{rel}","templated":true}]}}