{"id":14326,"date":"2016-12-27T09:32:13","date_gmt":"2016-12-27T12:32:13","guid":{"rendered":"http:\/\/blogdoeloiltoncajuhy.com.br\/site\/?p=14326"},"modified":"2016-12-27T09:33:38","modified_gmt":"2016-12-27T12:33:38","slug":"opiniao-acorde-o-ano-novo-que-esta-dentro-de-voce","status":"publish","type":"post","link":"https:\/\/blogdoeloiltoncajuhy.com.br\/site\/opiniao-acorde-o-ano-novo-que-esta-dentro-de-voce\/","title":{"rendered":"OPINI\u00c3O: Acorde o Ano Novo que est\u00e1 dentro de voc\u00ea!"},"content":{"rendered":"<p style=\"text-align: right;\"><em><strong>*Por Silvia Bez<\/strong><\/em><\/p>\n<p><a href=\"https:\/\/i0.wp.com\/blogdoeloiltoncajuhy.com.br\/site\/wp-content\/uploads\/2016\/12\/anonovo-e1482841923614.jpg\"><img data-recalc-dims=\"1\" fetchpriority=\"high\" decoding=\"async\" class=\"aligncenter size-full wp-image-14327\" src=\"https:\/\/i0.wp.com\/blogdoeloiltoncajuhy.com.br\/site\/wp-content\/uploads\/2016\/12\/anonovo-e1482841923614.jpg?resize=540%2C405\" alt=\"\" width=\"540\" height=\"405\" \/><\/a>A chegada do Ano Novo \u00e9 uma oportunidade para fazer um balan\u00e7o pessoal do que passou e refletir sobre as renova\u00e7\u00f5es que queremos em nossas vidas. Para muitos, o \u00e2nimo pelo encerramento de mais um ciclo vem acompanhado de v\u00e1rios receios. O j\u00e1 popular texto \u201cReceita de Ano Novo\u201d, do c\u00e9lebre poeta e escritor Carlos Drummond de Andrade, nos traz preciosas mensagens de motiva\u00e7\u00e3o.<\/p>\n<p>Drummond dizia que \u201cpara ganhar o bel\u00edssimo Ano Novo, a cor do arco-\u00edris ou da sua paz, n\u00e3o pode compar\u00e1-lo com outros tempos j\u00e1 vividos (melhores ou piores). N\u00e3o apenas pintado ou remendado \u00e0s carreiras, o novo deve estar nas sementinhas do vir-a-ser. N\u00e3o \u00e9 preciso fazer lista de boas inten\u00e7\u00f5es para arquiv\u00e1-las na gaveta (&#8230;) nem acreditar que, por decreto de esperan\u00e7a, a partir de janeiro as coisas mudem (&#8230;). Para ganhar um Ano Novo tem que merec\u00ea-lo, faz\u00ea-lo novo. N\u00e3o \u00e9 f\u00e1cil, mas tente. \u00c9 dentro de voc\u00ea que o Ano Novo cochila e espera desde sempre\u201d.<\/p>\n<p>Ent\u00e3o, vamos acordar o seu Ano Novo? O primeiro passo \u00e9 estabelecer metas reais e tang\u00edveis. O segundo \u00e9 fazer planos de a\u00e7\u00f5es realistas e efetivamente coloc\u00e1-los eles em pr\u00e1tica para que consiga, de fato, atingir suas metas. E, claro, manter-se atento e motivado.<\/p>\n<p>Quando as metas s\u00e3o atingidas, al\u00e9m da sensa\u00e7\u00e3o de dever cumprido, aumentamos nossa auto-estima e conhecimento.<\/p>\n<p>Um dos grandes benef\u00edcios deste comportamento \u00e9 ter mais tempo. Sim, tempo livre. Um bem valioso a ser gasto com a fam\u00edlia, amigos, atividade esportiva, hobbies&#8230; Com tudo o que te faz feliz.<\/p>\n<p>Voc\u00ea \u00e9 uma pessoa preciosa e a sua vida tamb\u00e9m. Merece ser feliz, n\u00e3o importa onde tenha parado ou como tem escolhido os seus caminhos. Se n\u00e3o est\u00e1 satisfeito, recomece agora! Se pensar que pode conquistar tudo o que deseja, conseguir\u00e1 dar o primeiro passo mais facilmente, basta acreditar.<\/p>\n<p>Como j\u00e1 afirmava Chico Xavier: \u201cEmbora ningu\u00e9m possa voltar atr\u00e1s e fazer um novo come\u00e7o, qualquer um pode come\u00e7ar agora e fazer um novo fim\u201d.<\/p>\n<p>E, caso sinta dificuldade em dar o primeiro passo sozinho, procure algu\u00e9m s\u00e1bio que poder\u00e1 ajud\u00e1-lo a atingir suas metas. Temos sempre aquela pessoa que torce por n\u00f3s e est\u00e1 ao nosso lado em todas as situa\u00e7\u00f5es. Conte com ela. Vamos l\u00e1! O Ano Novo est\u00e1 a\u00ed dentro de voc\u00ea!<\/p>\n<p><em><strong>*Silvia Bez \u00e9 palestrante motivacional, especialista em vendas e marketing pessoal, al\u00e9m de Master Coach. Em seu trabalho, sempre foca o lado humanista. Formada pela Sociedade Latino Americana de Coaching e pela IAC (International Association of Coaching), \u00e9 autora dos livros \u201cPaix\u00e3o em Vender \u2013 5 Segredos do Vencedor\u201d, \u201c7 passos para se apaixonar pelo que faz\u201d e \u201c5 Passos para fortalecer sua Mem\u00f3ria\u201d. Site: www.silviabez.com.br<\/strong><\/em><\/p>\n","protected":false},"excerpt":{"rendered":"<p>*Por Silvia Bez A chegada do Ano Novo \u00e9 uma oportunidade para fazer um balan\u00e7o pessoal do que passou e refletir sobre as renova\u00e7\u00f5es que queremos em nossas vidas. Para muitos, o \u00e2nimo pelo encerramento de mais um ciclo vem acompanhado de v\u00e1rios receios. O j\u00e1 popular texto \u201cReceita de Ano Novo\u201d, do c\u00e9lebre poeta [&hellip;]<\/p>\n","protected":false},"author":2,"featured_media":14327,"comment_status":"open","ping_status":"open","sticky":false,"template":"","format":"standard","meta":{"_acf_changed":false,"_monsterinsights_skip_tracking":false,"_monsterinsights_sitenote_active":false,"_monsterinsights_sitenote_note":"","_monsterinsights_sitenote_category":0,"_jetpack_memberships_contains_paid_content":false,"footnotes":"","jetpack_publicize_message":"","jetpack_publicize_feature_enabled":true,"jetpack_social_post_already_shared":true,"jetpack_social_options":{"image_generator_settings":{"template":"highway","default_image_id":0,"font":"","enabled":false},"version":2}},"categories":[5,1,2],"tags":[],"class_list":["post-14326","post","type-post","status-publish","format-standard","has-post-thumbnail","hentry","category-cotidiano","category-noticias","category-opiniao"],"acf":[],"jetpack_publicize_connections":[],"jetpack_featured_media_url":"https:\/\/i0.wp.com\/blogdoeloiltoncajuhy.com.br\/site\/wp-content\/uploads\/2016\/12\/anonovo-e1482841923614.jpg?fit=540%2C405&ssl=1","jetpack_sharing_enabled":true,"publishpress_future_workflow_manual_trigger":{"enabledWorkflows":[]},"_links":{"self":[{"href":"https:\/\/blogdoeloiltoncajuhy.com.br\/site\/wp-json\/wp\/v2\/posts\/14326","targetHints":{"allow":["GET"]}}],"collection":[{"href":"https:\/\/blogdoeloiltoncajuhy.com.br\/site\/wp-json\/wp\/v2\/posts"}],"about":[{"href":"https:\/\/blogdoeloiltoncajuhy.com.br\/site\/wp-json\/wp\/v2\/types\/post"}],"author":[{"embeddable":true,"href":"https:\/\/blogdoeloiltoncajuhy.com.br\/site\/wp-json\/wp\/v2\/users\/2"}],"replies":[{"embeddable":true,"href":"https:\/\/blogdoeloiltoncajuhy.com.br\/site\/wp-json\/wp\/v2\/comments?post=14326"}],"version-history":[{"count":1,"href":"https:\/\/blogdoeloiltoncajuhy.com.br\/site\/wp-json\/wp\/v2\/posts\/14326\/revisions"}],"predecessor-version":[{"id":14328,"href":"https:\/\/blogdoeloiltoncajuhy.com.br\/site\/wp-json\/wp\/v2\/posts\/14326\/revisions\/14328"}],"wp:featuredmedia":[{"embeddable":true,"href":"https:\/\/blogdoeloiltoncajuhy.com.br\/site\/wp-json\/wp\/v2\/media\/14327"}],"wp:attachment":[{"href":"https:\/\/blogdoeloiltoncajuhy.com.br\/site\/wp-json\/wp\/v2\/media?parent=14326"}],"wp:term":[{"taxonomy":"category","embeddable":true,"href":"https:\/\/blogdoeloiltoncajuhy.com.br\/site\/wp-json\/wp\/v2\/categories?post=14326"},{"taxonomy":"post_tag","embeddable":true,"href":"https:\/\/blogdoeloiltoncajuhy.com.br\/site\/wp-json\/wp\/v2\/tags?post=14326"}],"curies":[{"name":"wp","href":"https:\/\/api.w.org\/{rel}","templated":true}]}}