{"id":14322,"date":"2016-12-27T09:24:19","date_gmt":"2016-12-27T12:24:19","guid":{"rendered":"http:\/\/blogdoeloiltoncajuhy.com.br\/site\/?p=14322"},"modified":"2016-12-27T09:24:19","modified_gmt":"2016-12-27T12:24:19","slug":"doencas-de-verao-conheca-as-mais-comuns-e-saiba-como-se-prevenir","status":"publish","type":"post","link":"https:\/\/blogdoeloiltoncajuhy.com.br\/site\/doencas-de-verao-conheca-as-mais-comuns-e-saiba-como-se-prevenir\/","title":{"rendered":"Doen\u00e7as de ver\u00e3o: conhe\u00e7a as mais comuns e saiba como se prevenir"},"content":{"rendered":"<p style=\"text-align: center;\"><em><strong>A esta\u00e7\u00e3o mais quente e \u00famida do ano \u00e9 ideal para a ocorr\u00eancia de desagrad\u00e1veis enfermidades como dengue e conjuntivite<\/strong><\/em><\/p>\n<p><a href=\"https:\/\/i0.wp.com\/blogdoeloiltoncajuhy.com.br\/site\/wp-content\/uploads\/2016\/12\/doencas-ver%C3%A3o-e1482841448587.jpg\"><img data-recalc-dims=\"1\" fetchpriority=\"high\" decoding=\"async\" class=\"aligncenter size-full wp-image-14323\" src=\"https:\/\/i0.wp.com\/blogdoeloiltoncajuhy.com.br\/site\/wp-content\/uploads\/2016\/12\/doencas-ver%C3%A3o-e1482841448587.jpg?resize=650%2C520\" alt=\"\" width=\"650\" height=\"520\" \/><\/a>Dados do Minist\u00e9rio da Sa\u00fade divulgados recentemente revelam que os casos de chikungunya tiveram um crescimento de 850% em 2016. Foram mais de 251 mil ocorr\u00eancias da doen\u00e7a, que resultaram em 138 \u00f3bitos. Em 2015, foram 26 mil ocorr\u00eancias e seis \u00f3bitos. No ano de 2017, o crescimento dever\u00e1 ser ainda maior, segundo proje\u00e7\u00f5es internas.<\/p>\n<p>Com\u00a0o in\u00edcio do ver\u00e3o, a esta\u00e7\u00e3o mais quente e \u00famida do ano, s\u00e3o necess\u00e1rios maiores cuidados com a sa\u00fade, uma vez que as temperaturas elevadas proporcionam condi\u00e7\u00f5es ideais para a ocorr\u00eancia destas desagrad\u00e1veis doen\u00e7as virais como dengue, chikungunya, zika e at\u00e9 mesmo conjuntivite. Al\u00e9m destas, \u00e9 preciso se atentar tamb\u00e9m a problemas como desidrata\u00e7\u00e3o, insola\u00e7\u00e3o, micoses e intoxica\u00e7\u00e3o alimentar.<\/p>\n<p>Jos\u00e9 Ribamar Branco, infectologista da Rede de Hospitais S\u00e3o Camilo de S\u00e3o Paulo, explica que a alta incid\u00eancia solar, falta de higiene e de saneamento s\u00e3o os principais respons\u00e1veis pelo crescimento de casos das chamadas doen\u00e7as de ver\u00e3o. \u201cO calor e a umidade facilitam a prolifera\u00e7\u00e3o dos v\u00edrus e bact\u00e9rias respons\u00e1veis por essas enfermidades. Com isso em vista, tanto a higiene pessoal quanto alimentar merecem aten\u00e7\u00e3o redobrada nesta \u00e9poca do ano\u201d.<\/p>\n<p><strong>Saiba um pouco mais de algumas destas doen\u00e7as e seus poss\u00edveis tratamentos:<\/strong><\/p>\n<p><strong>Insola\u00e7\u00e3o:<\/strong> Ocorre mediante exposi\u00e7\u00e3o prolongada a ambientes quentes e secos, envolvendo geralmente contato direto com a luz solar. O dist\u00farbio provoca um mal-estar generalizado, febre alta, pele avermelhada e seca, pulsa\u00e7\u00e3o acelerada, falta de ar, enjoos, tonturas e poss\u00edveis desmaios. Para evitar esses males, tome cerca de tr\u00eas litros de \u00e1gua por dia e aplique protetor solar antes de se expor ao sol, repassando, se poss\u00edvel, a cada duas horas, sempre com a pele seca.<\/p>\n<p><strong>Desidrata\u00e7\u00e3o:<\/strong> \u00c9 quando o corpo perde, de forma excessiva, l\u00edquidos e sais minerais (mais de 2,5 litros de \u00e1gua por dia) por meio da saliva, suor, urina e fezes. Isso pode acontecer por meio de transpira\u00e7\u00e3o excessiva, diarreia ou v\u00f4mitos. Quando desidratada, a pessoa sente uma sede intensa, fica com os olhos, mucosas e boca secas, passa longos per\u00edodos sem urinar e aumenta a irritabilidade. \u201cPara evitar o problema, \u00e9 importante consumir l\u00edquidos frescos, alimentos leves, vestir-se com roupas leves e ficar, preferencialmente, em ambientes com sombra e arejados\u201d, explica o infectologista.<\/p>\n<p><strong>Micoses:<\/strong> S\u00e3o infec\u00e7\u00f5es dermatol\u00f3gicas causadas pela prolifera\u00e7\u00e3o de fungos em algumas partes do corpo. \u201cAs partes afetadas s\u00e3o geralmente as mais quentes e \u00famidas, uma vez que oferecem as condi\u00e7\u00f5es ideais para a reprodu\u00e7\u00e3o dos fungos. O ver\u00e3o favorece este processo, pois a temperatura corporal tende a aumentar e exp\u00f5e-se mais a ambientes molhados\u201d, comenta. As regi\u00f5es comprometidas pelas micoses apresentam coceira constante, irrita\u00e7\u00e3o, vermelhid\u00e3o e ressecamento. Uma forma de evita-las \u00e9 manter todas as dobras do corpo higienizadas e secas, n\u00e3o compartilhar toalhas e cal\u00e7ados com terceiros, n\u00e3o vestir sapatos fechados em dias muito quentes e n\u00e3o andar descal\u00e7o em ambientes p\u00fablicos.<\/p>\n<p><strong>Dengue, chikungunya e zica:<\/strong> O Aedes aegypti, mosquito respons\u00e1vel pela transmiss\u00e3o dos tr\u00eas v\u00edrus, se reproduz preferencialmente em ambientes quentes e \u00famidos, caracter\u00edsticos do ver\u00e3o. \u201c\u00c9 preciso estar duas vezes mais atento a febres, manchas e dores no corpo, que podem ser sintomas de dengue, zika e chikungunya\u201d, explica o m\u00e9dico. De forma a ficar longe deste risco, \u00e9 importante acabar com todo foco de reprodu\u00e7\u00e3o do mosquito. Al\u00e9m disso, o uso de repelentes contra insetos pode evitar picadas que possam transmitir o v\u00edrus.<\/p>\n<p><strong>Intoxica\u00e7\u00e3o alimentar:<\/strong> As infec\u00e7\u00f5es gastrointestinais podem ter origem bacteriana ou viral e normalmente s\u00e3o originadas por conta da ingest\u00e3o de comidas mal conservadas ou mal higienizadas. O m\u00e9dico explica que essas intoxica\u00e7\u00f5es costumam provocar n\u00e1useas, diarreias e v\u00f4mitos. \u201cUma dica para se prevenir \u00e9 consumir vegetais, carnes e peixes crus somente em locais confi\u00e1veis\u201d.<\/p>\n<p><strong>Conjuntivite:<\/strong> \u00c9 a inflama\u00e7\u00e3o da conjuntiva \u2013 membrana que reveste o globo ocular. A doen\u00e7a pode ter como origem agentes t\u00f3xicos, alergias, bact\u00e9rias ou v\u00edrus. Durante o ver\u00e3o, a mais comum \u00e9 a bacteriana, uma vez que as bact\u00e9rias causadoras se propagam na \u00e1gua. \u201cOs sintomas cl\u00e1ssicos da conjuntivite s\u00e3o a vermelhid\u00e3o, incha\u00e7o, ard\u00eancia e a presen\u00e7a de secre\u00e7\u00e3o. Em dias muito quentes, tende a piorar. \u00c9 muito importante n\u00e3o compartilhar com ningu\u00e9m, enquanto estiver contaminado, objetos de higiene pessoal. N\u00e3o \u00e9 recomend\u00e1vel co\u00e7ar os olhos. Lavar as m\u00e3os e o rosto com frequ\u00eancia tamb\u00e9m \u00e9 essencial\u201d.<\/p>\n<p>Branco lembra, ainda, que, caso sintomas destas ou de outras enfermidades apare\u00e7am e se intensifiquem, \u00e9 necess\u00e1rio buscar cuidados m\u00e9dicos, sempre evitando a automedica\u00e7\u00e3o.<\/p>\n<p><em>*Vitoria Kennedy<\/em><\/p>\n","protected":false},"excerpt":{"rendered":"<p>A esta\u00e7\u00e3o mais quente e \u00famida do ano \u00e9 ideal para a ocorr\u00eancia de desagrad\u00e1veis enfermidades como dengue e conjuntivite Dados do Minist\u00e9rio da Sa\u00fade divulgados recentemente revelam que os casos de chikungunya tiveram um crescimento de 850% em 2016. Foram mais de 251 mil ocorr\u00eancias da doen\u00e7a, que resultaram em 138 \u00f3bitos. Em 2015, [&hellip;]<\/p>\n","protected":false},"author":2,"featured_media":14323,"comment_status":"open","ping_status":"open","sticky":false,"template":"","format":"standard","meta":{"_acf_changed":false,"_monsterinsights_skip_tracking":false,"_monsterinsights_sitenote_active":false,"_monsterinsights_sitenote_note":"","_monsterinsights_sitenote_category":0,"_jetpack_memberships_contains_paid_content":false,"footnotes":"","jetpack_publicize_message":"","jetpack_publicize_feature_enabled":true,"jetpack_social_post_already_shared":true,"jetpack_social_options":{"image_generator_settings":{"template":"highway","default_image_id":0,"font":"","enabled":false},"version":2}},"categories":[1,7],"tags":[],"class_list":["post-14322","post","type-post","status-publish","format-standard","has-post-thumbnail","hentry","category-noticias","category-saude"],"acf":[],"jetpack_publicize_connections":[],"jetpack_featured_media_url":"https:\/\/i0.wp.com\/blogdoeloiltoncajuhy.com.br\/site\/wp-content\/uploads\/2016\/12\/doencas-ver%C3%A3o-e1482841448587.jpg?fit=650%2C520&ssl=1","jetpack_sharing_enabled":true,"publishpress_future_workflow_manual_trigger":{"enabledWorkflows":[]},"_links":{"self":[{"href":"https:\/\/blogdoeloiltoncajuhy.com.br\/site\/wp-json\/wp\/v2\/posts\/14322","targetHints":{"allow":["GET"]}}],"collection":[{"href":"https:\/\/blogdoeloiltoncajuhy.com.br\/site\/wp-json\/wp\/v2\/posts"}],"about":[{"href":"https:\/\/blogdoeloiltoncajuhy.com.br\/site\/wp-json\/wp\/v2\/types\/post"}],"author":[{"embeddable":true,"href":"https:\/\/blogdoeloiltoncajuhy.com.br\/site\/wp-json\/wp\/v2\/users\/2"}],"replies":[{"embeddable":true,"href":"https:\/\/blogdoeloiltoncajuhy.com.br\/site\/wp-json\/wp\/v2\/comments?post=14322"}],"version-history":[{"count":2,"href":"https:\/\/blogdoeloiltoncajuhy.com.br\/site\/wp-json\/wp\/v2\/posts\/14322\/revisions"}],"predecessor-version":[{"id":14325,"href":"https:\/\/blogdoeloiltoncajuhy.com.br\/site\/wp-json\/wp\/v2\/posts\/14322\/revisions\/14325"}],"wp:featuredmedia":[{"embeddable":true,"href":"https:\/\/blogdoeloiltoncajuhy.com.br\/site\/wp-json\/wp\/v2\/media\/14323"}],"wp:attachment":[{"href":"https:\/\/blogdoeloiltoncajuhy.com.br\/site\/wp-json\/wp\/v2\/media?parent=14322"}],"wp:term":[{"taxonomy":"category","embeddable":true,"href":"https:\/\/blogdoeloiltoncajuhy.com.br\/site\/wp-json\/wp\/v2\/categories?post=14322"},{"taxonomy":"post_tag","embeddable":true,"href":"https:\/\/blogdoeloiltoncajuhy.com.br\/site\/wp-json\/wp\/v2\/tags?post=14322"}],"curies":[{"name":"wp","href":"https:\/\/api.w.org\/{rel}","templated":true}]}}