{"id":14319,"date":"2016-12-27T09:12:19","date_gmt":"2016-12-27T12:12:19","guid":{"rendered":"http:\/\/blogdoeloiltoncajuhy.com.br\/site\/?p=14319"},"modified":"2016-12-27T09:12:19","modified_gmt":"2016-12-27T12:12:19","slug":"itiuba-grupo-promove-encontro-cultural-nesta-sexta-feira-30","status":"publish","type":"post","link":"https:\/\/blogdoeloiltoncajuhy.com.br\/site\/itiuba-grupo-promove-encontro-cultural-nesta-sexta-feira-30\/","title":{"rendered":"ITI\u00daBA: Grupo promove encontro cultural nesta sexta-feira (30)"},"content":{"rendered":"<p><a href=\"https:\/\/i0.wp.com\/blogdoeloiltoncajuhy.com.br\/site\/wp-content\/uploads\/2016\/12\/encontro-cultural-iti%C3%BAba.jpg\"><img data-recalc-dims=\"1\" fetchpriority=\"high\" decoding=\"async\" class=\"aligncenter size-full wp-image-14320\" src=\"https:\/\/i0.wp.com\/blogdoeloiltoncajuhy.com.br\/site\/wp-content\/uploads\/2016\/12\/encontro-cultural-iti%C3%BAba.jpg?resize=276%2C182\" alt=\"\" width=\"276\" height=\"182\" srcset=\"https:\/\/i0.wp.com\/blogdoeloiltoncajuhy.com.br\/site\/wp-content\/uploads\/2016\/12\/encontro-cultural-iti%C3%BAba.jpg?w=276&amp;ssl=1 276w, https:\/\/i0.wp.com\/blogdoeloiltoncajuhy.com.br\/site\/wp-content\/uploads\/2016\/12\/encontro-cultural-iti%C3%BAba.jpg?resize=250%2C165&amp;ssl=1 250w\" sizes=\"(max-width: 276px) 100vw, 276px\" \/><\/a>O Grupo Cultural de Iti\u00faba vai realizar o primeiro encontro cultural, nesta sexta-feira (30), a partir das 8h, na C\u00e2mara Municipal local.<\/p>\n<p>Na oportunidade estar\u00e3o presentes v\u00e1rios palestrantes, como tamb\u00e9m ser\u00e3o discutidos projetos e propostas para a comunidade itiubense, al\u00e9m de apresenta\u00e7\u00f5es art\u00edsticas, exposi\u00e7\u00e3o de artes, sorteios de brindes e etc.\u00a0A comiss\u00e3o organizadora tem \u00e0 frente, o m\u00fasico e poeta\u00a0Charles Azeredo.<\/p>\n<p><em>*BLOG DO ELOILTON CAJUHY<\/em><\/p>\n","protected":false},"excerpt":{"rendered":"<p>O Grupo Cultural de Iti\u00faba vai realizar o primeiro encontro cultural, nesta sexta-feira (30), a partir das 8h, na C\u00e2mara Municipal local. Na oportunidade estar\u00e3o presentes v\u00e1rios palestrantes, como tamb\u00e9m ser\u00e3o discutidos projetos e propostas para a comunidade itiubense, al\u00e9m de apresenta\u00e7\u00f5es art\u00edsticas, exposi\u00e7\u00e3o de artes, sorteios de brindes e etc.\u00a0A comiss\u00e3o organizadora tem \u00e0 [&hellip;]<\/p>\n","protected":false},"author":2,"featured_media":14320,"comment_status":"open","ping_status":"open","sticky":false,"template":"","format":"standard","meta":{"_acf_changed":false,"_monsterinsights_skip_tracking":false,"_monsterinsights_sitenote_active":false,"_monsterinsights_sitenote_note":"","_monsterinsights_sitenote_category":0,"_jetpack_memberships_contains_paid_content":false,"footnotes":"","jetpack_publicize_message":"","jetpack_publicize_feature_enabled":true,"jetpack_social_post_already_shared":true,"jetpack_social_options":{"image_generator_settings":{"template":"highway","default_image_id":0,"font":"","enabled":false},"version":2}},"categories":[8,1,11],"tags":[],"class_list":["post-14319","post","type-post","status-publish","format-standard","has-post-thumbnail","hentry","category-cultura","category-noticias","category-regional"],"acf":[],"jetpack_publicize_connections":[],"jetpack_featured_media_url":"https:\/\/i0.wp.com\/blogdoeloiltoncajuhy.com.br\/site\/wp-content\/uploads\/2016\/12\/encontro-cultural-iti%C3%BAba.jpg?fit=276%2C182&ssl=1","jetpack_sharing_enabled":true,"publishpress_future_workflow_manual_trigger":{"enabledWorkflows":[]},"_links":{"self":[{"href":"https:\/\/blogdoeloiltoncajuhy.com.br\/site\/wp-json\/wp\/v2\/posts\/14319","targetHints":{"allow":["GET"]}}],"collection":[{"href":"https:\/\/blogdoeloiltoncajuhy.com.br\/site\/wp-json\/wp\/v2\/posts"}],"about":[{"href":"https:\/\/blogdoeloiltoncajuhy.com.br\/site\/wp-json\/wp\/v2\/types\/post"}],"author":[{"embeddable":true,"href":"https:\/\/blogdoeloiltoncajuhy.com.br\/site\/wp-json\/wp\/v2\/users\/2"}],"replies":[{"embeddable":true,"href":"https:\/\/blogdoeloiltoncajuhy.com.br\/site\/wp-json\/wp\/v2\/comments?post=14319"}],"version-history":[{"count":1,"href":"https:\/\/blogdoeloiltoncajuhy.com.br\/site\/wp-json\/wp\/v2\/posts\/14319\/revisions"}],"predecessor-version":[{"id":14321,"href":"https:\/\/blogdoeloiltoncajuhy.com.br\/site\/wp-json\/wp\/v2\/posts\/14319\/revisions\/14321"}],"wp:featuredmedia":[{"embeddable":true,"href":"https:\/\/blogdoeloiltoncajuhy.com.br\/site\/wp-json\/wp\/v2\/media\/14320"}],"wp:attachment":[{"href":"https:\/\/blogdoeloiltoncajuhy.com.br\/site\/wp-json\/wp\/v2\/media?parent=14319"}],"wp:term":[{"taxonomy":"category","embeddable":true,"href":"https:\/\/blogdoeloiltoncajuhy.com.br\/site\/wp-json\/wp\/v2\/categories?post=14319"},{"taxonomy":"post_tag","embeddable":true,"href":"https:\/\/blogdoeloiltoncajuhy.com.br\/site\/wp-json\/wp\/v2\/tags?post=14319"}],"curies":[{"name":"wp","href":"https:\/\/api.w.org\/{rel}","templated":true}]}}