{"id":14312,"date":"2016-12-26T19:29:42","date_gmt":"2016-12-26T22:29:42","guid":{"rendered":"http:\/\/blogdoeloiltoncajuhy.com.br\/site\/?p=14312"},"modified":"2016-12-26T19:29:42","modified_gmt":"2016-12-26T22:29:42","slug":"comece-a-terca-feira-meditando-o-discipulo-entrou-no-tumulo-viu-e-creu-jo-202-8","status":"publish","type":"post","link":"https:\/\/blogdoeloiltoncajuhy.com.br\/site\/comece-a-terca-feira-meditando-o-discipulo-entrou-no-tumulo-viu-e-creu-jo-202-8\/","title":{"rendered":"COMECE A TER\u00c7A-FEIRA MEDITANDO: &#8220;O disc\u00edpulo entrou no t\u00famulo, viu e creu&#8221; &#8211; Jo 20,2-8"},"content":{"rendered":"<p><a href=\"https:\/\/i0.wp.com\/blogdoeloiltoncajuhy.com.br\/site\/wp-content\/uploads\/2016\/09\/liturgia_set_16-2.jpg\"><img data-recalc-dims=\"1\" fetchpriority=\"high\" decoding=\"async\" class=\"aligncenter size-full wp-image-12279\" src=\"https:\/\/i0.wp.com\/blogdoeloiltoncajuhy.com.br\/site\/wp-content\/uploads\/2016\/09\/liturgia_set_16-2.jpg?resize=320%2C180\" alt=\"\" width=\"320\" height=\"180\" srcset=\"https:\/\/i0.wp.com\/blogdoeloiltoncajuhy.com.br\/site\/wp-content\/uploads\/2016\/09\/liturgia_set_16-2.jpg?w=320&amp;ssl=1 320w, https:\/\/i0.wp.com\/blogdoeloiltoncajuhy.com.br\/site\/wp-content\/uploads\/2016\/09\/liturgia_set_16-2.jpg?resize=300%2C169&amp;ssl=1 300w, https:\/\/i0.wp.com\/blogdoeloiltoncajuhy.com.br\/site\/wp-content\/uploads\/2016\/09\/liturgia_set_16-2.jpg?resize=250%2C141&amp;ssl=1 250w\" sizes=\"(max-width: 320px) 100vw, 320px\" \/><\/a>No primeiro dia da semana, Maria Madalena saiu correndo e foi encontrar Sim\u00e3o Pedro e o outro disc\u00edpulo, aquele que Jesus amava, e lhes disse: \u201cTiraram o Senhor do t\u00famulo, e n\u00e3o sabemos onde o colocaram\u201d. Sa\u00edram, ent\u00e3o, Pedro e o outro disc\u00edpulo e foram ao t\u00famulo. Os dois corriam juntos, mas o outro disc\u00edpulo correu mais depressa que Pedro e chegou primeiro ao t\u00famulo. Olhando para dentro, viu as faixas de linho no ch\u00e3o, mas n\u00e3o entrou. Chegou tamb\u00e9m Sim\u00e3o Pedro, que vinha correndo atr\u00e1s, e entrou no t\u00famulo. Viu as faixas de linho deitadas no ch\u00e3o e o pano que tinha estado sobre a cabe\u00e7a de Jesus, n\u00e3o posto com as faixas, mas enrolado num lugar \u00e0 parte. Ent\u00e3o entrou tamb\u00e9m o outro disc\u00edpulo, que tinha chegado primeiro ao t\u00famulo. Ele viu e acreditou.<\/p>\n<p><strong><em>*<a href=\"http:\/\/liturgia.cancaonova.com\/liturgia\/sao-joao-apostolo-e-evangelista-terca-feira-27122016\/\">Can\u00e7\u00e3o Nova<\/a><\/em><\/strong><\/p>\n","protected":false},"excerpt":{"rendered":"<p>No primeiro dia da semana, Maria Madalena saiu correndo e foi encontrar Sim\u00e3o Pedro e o outro disc\u00edpulo, aquele que Jesus amava, e lhes disse: \u201cTiraram o Senhor do t\u00famulo, e n\u00e3o sabemos onde o colocaram\u201d. Sa\u00edram, ent\u00e3o, Pedro e o outro disc\u00edpulo e foram ao t\u00famulo. Os dois corriam juntos, mas o outro disc\u00edpulo [&hellip;]<\/p>\n","protected":false},"author":2,"featured_media":0,"comment_status":"open","ping_status":"open","sticky":false,"template":"","format":"standard","meta":{"_acf_changed":false,"_monsterinsights_skip_tracking":false,"_monsterinsights_sitenote_active":false,"_monsterinsights_sitenote_note":"","_monsterinsights_sitenote_category":0,"_jetpack_memberships_contains_paid_content":false,"footnotes":"","jetpack_publicize_message":"","jetpack_publicize_feature_enabled":true,"jetpack_social_post_already_shared":true,"jetpack_social_options":{"image_generator_settings":{"template":"highway","default_image_id":0,"font":"","enabled":false},"version":2}},"categories":[1,9],"tags":[],"class_list":["post-14312","post","type-post","status-publish","format-standard","hentry","category-noticias","category-reflexao"],"acf":[],"jetpack_publicize_connections":[],"jetpack_featured_media_url":"","jetpack_sharing_enabled":true,"publishpress_future_workflow_manual_trigger":{"enabledWorkflows":[]},"_links":{"self":[{"href":"https:\/\/blogdoeloiltoncajuhy.com.br\/site\/wp-json\/wp\/v2\/posts\/14312","targetHints":{"allow":["GET"]}}],"collection":[{"href":"https:\/\/blogdoeloiltoncajuhy.com.br\/site\/wp-json\/wp\/v2\/posts"}],"about":[{"href":"https:\/\/blogdoeloiltoncajuhy.com.br\/site\/wp-json\/wp\/v2\/types\/post"}],"author":[{"embeddable":true,"href":"https:\/\/blogdoeloiltoncajuhy.com.br\/site\/wp-json\/wp\/v2\/users\/2"}],"replies":[{"embeddable":true,"href":"https:\/\/blogdoeloiltoncajuhy.com.br\/site\/wp-json\/wp\/v2\/comments?post=14312"}],"version-history":[{"count":1,"href":"https:\/\/blogdoeloiltoncajuhy.com.br\/site\/wp-json\/wp\/v2\/posts\/14312\/revisions"}],"predecessor-version":[{"id":14313,"href":"https:\/\/blogdoeloiltoncajuhy.com.br\/site\/wp-json\/wp\/v2\/posts\/14312\/revisions\/14313"}],"wp:attachment":[{"href":"https:\/\/blogdoeloiltoncajuhy.com.br\/site\/wp-json\/wp\/v2\/media?parent=14312"}],"wp:term":[{"taxonomy":"category","embeddable":true,"href":"https:\/\/blogdoeloiltoncajuhy.com.br\/site\/wp-json\/wp\/v2\/categories?post=14312"},{"taxonomy":"post_tag","embeddable":true,"href":"https:\/\/blogdoeloiltoncajuhy.com.br\/site\/wp-json\/wp\/v2\/tags?post=14312"}],"curies":[{"name":"wp","href":"https:\/\/api.w.org\/{rel}","templated":true}]}}