{"id":14307,"date":"2016-12-26T10:30:59","date_gmt":"2016-12-26T13:30:59","guid":{"rendered":"http:\/\/blogdoeloiltoncajuhy.com.br\/site\/?p=14307"},"modified":"2016-12-26T19:32:56","modified_gmt":"2016-12-26T22:32:56","slug":"altino-junior-fala-sobre-a-vida-e-video-ganha-repercussao","status":"publish","type":"post","link":"https:\/\/blogdoeloiltoncajuhy.com.br\/site\/altino-junior-fala-sobre-a-vida-e-video-ganha-repercussao\/","title":{"rendered":"Altino J\u00fanior fala sobre a vida e v\u00eddeo ganha repercuss\u00e3o"},"content":{"rendered":"<figure id=\"attachment_14308\" aria-describedby=\"caption-attachment-14308\" style=\"width: 460px\" class=\"wp-caption aligncenter\"><a href=\"https:\/\/i0.wp.com\/blogdoeloiltoncajuhy.com.br\/site\/wp-content\/uploads\/2016\/12\/ALTINO_6-e1482759030234.jpg\"><img data-recalc-dims=\"1\" fetchpriority=\"high\" decoding=\"async\" class=\"wp-image-14308 size-full\" src=\"https:\/\/i0.wp.com\/blogdoeloiltoncajuhy.com.br\/site\/wp-content\/uploads\/2016\/12\/ALTINO_6-e1482759030234.jpg?resize=460%2C460\" width=\"460\" height=\"460\" \/><\/a><figcaption id=\"caption-attachment-14308\" class=\"wp-caption-text\">Foto: Facebook<\/figcaption><\/figure>\n<p>Um v\u00eddeo que circula pela internet com o ex-candidato a prefeito e a vice-prefeito de Andorinha, Altino J\u00fanior, falando sobre a vida est\u00e1 ganhando grande repercuss\u00e3o. No v\u00eddeo, ele fala de uma mensagem dessas que n\u00e3o se sabe quem \u00e9 o autor, referindo-se \u00e0 vida como uma viagem de trem.<\/p>\n<p><em><strong>Confira:<\/strong><\/em><\/p>\n<p><iframe title=\"Altino J\u00fanior e a vida\" width=\"800\" height=\"600\" src=\"https:\/\/www.youtube.com\/embed\/rq9VFZRdOaU?feature=oembed\" frameborder=\"0\" allow=\"accelerometer; autoplay; encrypted-media; gyroscope; picture-in-picture\" allowfullscreen><\/iframe><\/p>\n<p>No site &#8220;Mundo das Mensagens&#8221;, encontramos a mensagem na qual se refere Altino J\u00fanior, de forma mais ampla. <strong>Veja:<\/strong><\/p>\n<p><em>&#8220;A vida n\u00e3o passa de uma viagem de trem, cheia de embarques e desembarques, alguns acidentes, agrad\u00e1veis surpresas em muitos embarques e grandes tristezas em alguns desembarques.<\/em><\/p>\n<p><em>Quando nascemos, entramos nesse magn\u00edfico trem e nos deparamos com algumas pessoas que julgamos, estar\u00e3o sempre nessa viagem conosco: nossos pais.<\/em><\/p>\n<p><em>Infelizmente isso n\u00e3o \u00e9 verdade, em alguma esta\u00e7\u00e3o eles descer\u00e3o e nos deixar\u00e3o \u00f3rf\u00e3os do seu carinho, amizade e companhia insubstitu\u00edvel. Isso por\u00e9m n\u00e3o nos impedir\u00e1 que durante o percurso, pessoas que se tornar\u00e3o muito especiais para n\u00f3s, embarquem. Chegam nossos irm\u00e3os, amigos, filhos e amores inesquec\u00edveis!<\/em><\/p>\n<p><em>Muitas pessoas embarcar\u00e3o nesse trem apenas a passeio, outras encontrar\u00e3o no seu trajeto somente tristezas e ainda outras circular\u00e3o por ele prontos a ajudar quem precise. V\u00e1rios dos viajantes quando desembarcam deixam saudades eternas, outros tantos quando desocupam seu assento, ningu\u00e9m nem sequer percebe.<\/em><\/p>\n<p><em>Curioso \u00e9 constatar que alguns passageiros que se tornam t\u00e3o caros para n\u00f3s, acomodam-se em vag\u00f5es diferentes dos nossos, portanto somos obrigados a fazer esse trajeto separados deles, o que n\u00e3o nos impede \u00e9 claro que possamos ir ao seu encontro. No entanto, infelizmente, jamais poderemos sentar ao seu lado, pois j\u00e1 haver\u00e1 algu\u00e9m ocupando aquele assento.<\/em><\/p>\n<p><em>N\u00e3o importa, \u00e9 assim a viagem, cheia de atropelos, sonhos, fantasias, esperas, despedidas, por\u00e9m, jamais, retornos. Fa\u00e7amos essa viagem ent\u00e3o, da melhor maneira poss\u00edvel, tentando nos relacionar bem com os outros passageiros, procurando em cada um deles o que tiverem de melhor. Lembrando sempre que em algum momento eles poder\u00e3o fraquejar e precisaremos entender, porque provavelmente tamb\u00e9m fraquejaremos, e com certeza haver\u00e1 algu\u00e9m que nos acudir\u00e1 com seu carinho e sua aten\u00e7\u00e3o.<\/em><\/p>\n<p><em>O grande mist\u00e9rio afinal \u00e9 que nunca saberemos em qual parada desceremos, muito menos nossos companheiros de viagem, nem mesmo aquele que est\u00e1 sentado ao nosso lado. Eu fico pensando se quando descer desse trem sentirei saudades. Acredito que sim, me separar de muitas amizades que fiz ser\u00e1 no m\u00ednimo doloroso, deixar meus filhos continuarem a viagem sozinhos ser\u00e1 muito triste com certeza&#8230;<\/em><\/p>\n<p><em>Mas me agarro \u00e0 esperan\u00e7a que em algum momento estarei na esta\u00e7\u00e3o principal e com grande emo\u00e7\u00e3o os verei chegar. Estar\u00e3o provavelmente com uma bagagem que n\u00e3o possu\u00edam quando embarcaram e o que me deixar\u00e1 mais feliz ser\u00e1 ter a certeza que de alguma forma eu fui uma grande colaboradora para que ela tenha crescido e se tornado valiosa&#8221;.<\/em><\/p>\n<p>Altino J\u00fanior, 31 anos, foi candidato a prefeito de Andorinha nas elei\u00e7\u00f5es de 2012. Este ano, ele foi o candidato a vice na chapa de Agileu Lima, do PT. Altino era filiado ao PCdoB. Al\u00e9m de pol\u00edtico, tamb\u00e9m exercia o cargo de perito da Pol\u00edcia Civil de Andorinha.<\/p>\n<p>Ele morreu na madrugada deste domingo (25), na BR-407, trecho do Povoado de Aroeira, munic\u00edpio de Filad\u00e9lfia, depois que seu carro, um Corola branco, rodou na pista e bateu lateralmente contra um caminh\u00e3o. A PRF apura as causas do acidente.<\/p>\n<p><em>*BLOG DO ELOILTON CAJUHY<\/em><\/p>\n","protected":false},"excerpt":{"rendered":"<p>Um v\u00eddeo que circula pela internet com o ex-candidato a prefeito e a vice-prefeito de Andorinha, Altino J\u00fanior, falando sobre a vida est\u00e1 ganhando grande repercuss\u00e3o. No v\u00eddeo, ele fala de uma mensagem dessas que n\u00e3o se sabe quem \u00e9 o autor, referindo-se \u00e0 vida como uma viagem de trem. Confira: No site &#8220;Mundo das [&hellip;]<\/p>\n","protected":false},"author":2,"featured_media":14308,"comment_status":"open","ping_status":"open","sticky":false,"template":"","format":"standard","meta":{"_acf_changed":false,"_monsterinsights_skip_tracking":false,"_monsterinsights_sitenote_active":false,"_monsterinsights_sitenote_note":"","_monsterinsights_sitenote_category":0,"_jetpack_memberships_contains_paid_content":false,"footnotes":"","jetpack_publicize_message":"","jetpack_publicize_feature_enabled":true,"jetpack_social_post_already_shared":true,"jetpack_social_options":{"image_generator_settings":{"template":"highway","default_image_id":0,"font":"","enabled":false},"version":2}},"categories":[1,11],"tags":[],"class_list":["post-14307","post","type-post","status-publish","format-standard","has-post-thumbnail","hentry","category-noticias","category-regional"],"acf":[],"jetpack_publicize_connections":[],"jetpack_featured_media_url":"https:\/\/i0.wp.com\/blogdoeloiltoncajuhy.com.br\/site\/wp-content\/uploads\/2016\/12\/ALTINO_6-e1482759030234.jpg?fit=460%2C460&ssl=1","jetpack_sharing_enabled":true,"publishpress_future_workflow_manual_trigger":{"enabledWorkflows":[]},"_links":{"self":[{"href":"https:\/\/blogdoeloiltoncajuhy.com.br\/site\/wp-json\/wp\/v2\/posts\/14307","targetHints":{"allow":["GET"]}}],"collection":[{"href":"https:\/\/blogdoeloiltoncajuhy.com.br\/site\/wp-json\/wp\/v2\/posts"}],"about":[{"href":"https:\/\/blogdoeloiltoncajuhy.com.br\/site\/wp-json\/wp\/v2\/types\/post"}],"author":[{"embeddable":true,"href":"https:\/\/blogdoeloiltoncajuhy.com.br\/site\/wp-json\/wp\/v2\/users\/2"}],"replies":[{"embeddable":true,"href":"https:\/\/blogdoeloiltoncajuhy.com.br\/site\/wp-json\/wp\/v2\/comments?post=14307"}],"version-history":[{"count":3,"href":"https:\/\/blogdoeloiltoncajuhy.com.br\/site\/wp-json\/wp\/v2\/posts\/14307\/revisions"}],"predecessor-version":[{"id":14315,"href":"https:\/\/blogdoeloiltoncajuhy.com.br\/site\/wp-json\/wp\/v2\/posts\/14307\/revisions\/14315"}],"wp:featuredmedia":[{"embeddable":true,"href":"https:\/\/blogdoeloiltoncajuhy.com.br\/site\/wp-json\/wp\/v2\/media\/14308"}],"wp:attachment":[{"href":"https:\/\/blogdoeloiltoncajuhy.com.br\/site\/wp-json\/wp\/v2\/media?parent=14307"}],"wp:term":[{"taxonomy":"category","embeddable":true,"href":"https:\/\/blogdoeloiltoncajuhy.com.br\/site\/wp-json\/wp\/v2\/categories?post=14307"},{"taxonomy":"post_tag","embeddable":true,"href":"https:\/\/blogdoeloiltoncajuhy.com.br\/site\/wp-json\/wp\/v2\/tags?post=14307"}],"curies":[{"name":"wp","href":"https:\/\/api.w.org\/{rel}","templated":true}]}}