{"id":14304,"date":"2016-12-26T10:01:37","date_gmt":"2016-12-26T13:01:37","guid":{"rendered":"http:\/\/blogdoeloiltoncajuhy.com.br\/site\/?p=14304"},"modified":"2016-12-26T10:01:37","modified_gmt":"2016-12-26T13:01:37","slug":"comercio-bonfinense-de-luto-morre-aos-84-anos-waldomiro-araujo","status":"publish","type":"post","link":"https:\/\/blogdoeloiltoncajuhy.com.br\/site\/comercio-bonfinense-de-luto-morre-aos-84-anos-waldomiro-araujo\/","title":{"rendered":"Com\u00e9rcio bonfinense de luto: Morre, aos 84 anos, Waldomiro Ara\u00fajo"},"content":{"rendered":"<figure id=\"attachment_14305\" aria-describedby=\"caption-attachment-14305\" style=\"width: 230px\" class=\"wp-caption alignright\"><a href=\"https:\/\/i0.wp.com\/blogdoeloiltoncajuhy.com.br\/site\/wp-content\/uploads\/2016\/12\/waldomiro-ara%C3%BAjo.jpg\"><img data-recalc-dims=\"1\" fetchpriority=\"high\" decoding=\"async\" class=\"wp-image-14305 size-medium\" src=\"https:\/\/i0.wp.com\/blogdoeloiltoncajuhy.com.br\/site\/wp-content\/uploads\/2016\/12\/waldomiro-ara%C3%BAjo.jpg?resize=230%2C300\" width=\"230\" height=\"300\" srcset=\"https:\/\/i0.wp.com\/blogdoeloiltoncajuhy.com.br\/site\/wp-content\/uploads\/2016\/12\/waldomiro-ara%C3%BAjo.jpg?resize=230%2C300&amp;ssl=1 230w, https:\/\/i0.wp.com\/blogdoeloiltoncajuhy.com.br\/site\/wp-content\/uploads\/2016\/12\/waldomiro-ara%C3%BAjo.jpg?resize=192%2C250&amp;ssl=1 192w, https:\/\/i0.wp.com\/blogdoeloiltoncajuhy.com.br\/site\/wp-content\/uploads\/2016\/12\/waldomiro-ara%C3%BAjo.jpg?w=397&amp;ssl=1 397w\" sizes=\"(max-width: 230px) 100vw, 230px\" \/><\/a><figcaption id=\"caption-attachment-14305\" class=\"wp-caption-text\">Foto: Reprodu\u00e7\u00e3o Facebook<\/figcaption><\/figure>\n<p>Um dos mais antigos comerciantes de Senhor do Bonfim, Waldomiro Jos\u00e9 de Ara\u00fajo, faleceu neste domingo, aos 84 anos. Atuando no com\u00e9rcio de tecidos h\u00e1 mais de 60 anos, ele ficou bastante conhecido pelo nome de sua loja, a Paramount Tecidos, localizada na Pra\u00e7a Augusto Sena Gomes, centro comercial de nossa cidade.<\/p>\n<p>Embora n\u00e3o tenha sido anunciado oficialmente, a causa de sua morte teria sido um AVC &#8211; Acidente Vascular Cerebral, popularmente conhecido como &#8220;Derrame&#8221;. Seu corpo est\u00e1 sendo velado no Memorial Vila Nova e o sepultamento est\u00e1 marcado para as 11h desta segunda-feira (26).<\/p>\n<p>Atrav\u00e9s da rede social Facebook, seu filho Waldisio Ara\u00fajo, deixou uma mensagem. <strong>Veja:<\/strong><\/p>\n<p><strong><em>Meu pai era muito conhecido na cidade. Tenho certeza de que para muitos ensinou coisas, e cada pessoa dele aprendeu de forma diferente, de algum modo, \u00edntimo delas, de aprender, fundindo a marca pessoal de cada uma com o modo particular de ele ser. E \u00e9 claro que o que ele ensinou foi aprendido com outros muitos, que lhe ensinaram, nessa grande cadeia de gratid\u00f5es e ingratid\u00f5es a que chamamos &#8220;humanidade&#8221;. Que fique em todos a gratid\u00e3o e o carinho pelo aprendido, e o exemplo a ser seguido e transmitido. \u00c9 tudo o que aos mortos cabe, cabendo aos vivos manter a civiliza\u00e7\u00e3o para que o esquecimento nunca reine absoluto. Adeus, D\u00f3, obrigado pelos chocolates da inf\u00e2ncia, pelos livros da adolesc\u00eancia, pelas discuss\u00f5es da juventude e pela paci\u00eancia da vida toda.<\/em><\/strong><\/p>\n<p><strong><em>In memoriam. Waldomiro Jos\u00e9 de Ara\u00fajo. 15\/09\/1932 &#8211; 25\/12\/2016.<\/em><\/strong><\/p>\n<p><em>*BLOG DO ELOILTON CAJUHY<\/em><\/p>\n","protected":false},"excerpt":{"rendered":"<p>Um dos mais antigos comerciantes de Senhor do Bonfim, Waldomiro Jos\u00e9 de Ara\u00fajo, faleceu neste domingo, aos 84 anos. Atuando no com\u00e9rcio de tecidos h\u00e1 mais de 60 anos, ele ficou bastante conhecido pelo nome de sua loja, a Paramount Tecidos, localizada na Pra\u00e7a Augusto Sena Gomes, centro comercial de nossa cidade. Embora n\u00e3o tenha [&hellip;]<\/p>\n","protected":false},"author":2,"featured_media":14305,"comment_status":"open","ping_status":"open","sticky":false,"template":"","format":"standard","meta":{"_acf_changed":false,"_monsterinsights_skip_tracking":false,"_monsterinsights_sitenote_active":false,"_monsterinsights_sitenote_note":"","_monsterinsights_sitenote_category":0,"_jetpack_memberships_contains_paid_content":false,"footnotes":"","jetpack_publicize_message":"","jetpack_publicize_feature_enabled":true,"jetpack_social_post_already_shared":true,"jetpack_social_options":{"image_generator_settings":{"template":"highway","default_image_id":0,"font":"","enabled":false},"version":2}},"categories":[1,4],"tags":[],"class_list":["post-14304","post","type-post","status-publish","format-standard","has-post-thumbnail","hentry","category-noticias","category-local"],"acf":[],"jetpack_publicize_connections":[],"jetpack_featured_media_url":"https:\/\/i0.wp.com\/blogdoeloiltoncajuhy.com.br\/site\/wp-content\/uploads\/2016\/12\/waldomiro-ara%C3%BAjo.jpg?fit=397%2C517&ssl=1","jetpack_sharing_enabled":true,"publishpress_future_workflow_manual_trigger":{"enabledWorkflows":[]},"_links":{"self":[{"href":"https:\/\/blogdoeloiltoncajuhy.com.br\/site\/wp-json\/wp\/v2\/posts\/14304","targetHints":{"allow":["GET"]}}],"collection":[{"href":"https:\/\/blogdoeloiltoncajuhy.com.br\/site\/wp-json\/wp\/v2\/posts"}],"about":[{"href":"https:\/\/blogdoeloiltoncajuhy.com.br\/site\/wp-json\/wp\/v2\/types\/post"}],"author":[{"embeddable":true,"href":"https:\/\/blogdoeloiltoncajuhy.com.br\/site\/wp-json\/wp\/v2\/users\/2"}],"replies":[{"embeddable":true,"href":"https:\/\/blogdoeloiltoncajuhy.com.br\/site\/wp-json\/wp\/v2\/comments?post=14304"}],"version-history":[{"count":1,"href":"https:\/\/blogdoeloiltoncajuhy.com.br\/site\/wp-json\/wp\/v2\/posts\/14304\/revisions"}],"predecessor-version":[{"id":14306,"href":"https:\/\/blogdoeloiltoncajuhy.com.br\/site\/wp-json\/wp\/v2\/posts\/14304\/revisions\/14306"}],"wp:featuredmedia":[{"embeddable":true,"href":"https:\/\/blogdoeloiltoncajuhy.com.br\/site\/wp-json\/wp\/v2\/media\/14305"}],"wp:attachment":[{"href":"https:\/\/blogdoeloiltoncajuhy.com.br\/site\/wp-json\/wp\/v2\/media?parent=14304"}],"wp:term":[{"taxonomy":"category","embeddable":true,"href":"https:\/\/blogdoeloiltoncajuhy.com.br\/site\/wp-json\/wp\/v2\/categories?post=14304"},{"taxonomy":"post_tag","embeddable":true,"href":"https:\/\/blogdoeloiltoncajuhy.com.br\/site\/wp-json\/wp\/v2\/tags?post=14304"}],"curies":[{"name":"wp","href":"https:\/\/api.w.org\/{rel}","templated":true}]}}