{"id":14297,"date":"2016-12-25T19:52:07","date_gmt":"2016-12-25T22:52:07","guid":{"rendered":"http:\/\/blogdoeloiltoncajuhy.com.br\/site\/?p=14297"},"modified":"2016-12-25T19:55:30","modified_gmt":"2016-12-25T22:55:30","slug":"bonfim-brasileiro-promove-reuniao-para-avaliar-informacoes-da-transicao","status":"publish","type":"post","link":"https:\/\/blogdoeloiltoncajuhy.com.br\/site\/bonfim-brasileiro-promove-reuniao-para-avaliar-informacoes-da-transicao\/","title":{"rendered":"BONFIM: Brasileiro promove reuni\u00e3o para avaliar informa\u00e7\u00f5es da transi\u00e7\u00e3o"},"content":{"rendered":"<p><a href=\"https:\/\/i0.wp.com\/blogdoeloiltoncajuhy.com.br\/site\/wp-content\/uploads\/2016\/12\/Brasileiro-reuni%C3%A3o_23.12-e1482706308738.jpg\"><img data-recalc-dims=\"1\" fetchpriority=\"high\" decoding=\"async\" class=\"aligncenter size-full wp-image-14298\" src=\"https:\/\/i0.wp.com\/blogdoeloiltoncajuhy.com.br\/site\/wp-content\/uploads\/2016\/12\/Brasileiro-reuni%C3%A3o_23.12-e1482706308738.jpg?resize=650%2C434\" alt=\"\" width=\"650\" height=\"434\" \/><\/a>Aconteceu na manh\u00e3 desta sexta-feira (23), no audit\u00f3rio das Sacramentinas, a primeira reuni\u00e3o entre o prefeito eleito Carlos Brasileiro, o vice-prefeito Z\u00e9 Ant\u00f4nio, secret\u00e1rios de governo e parte da equipe que ir\u00e1 compor a administra\u00e7\u00e3o do munic\u00edpio nos pr\u00f3ximos quatro anos. A reuni\u00e3o teve como objetivo apresentar e avaliar as informa\u00e7\u00f5es obtidas durante o per\u00edodo de transi\u00e7\u00e3o.<\/p>\n<p>Brasileiro agradeceu a todos os envolvidos no processo de transi\u00e7\u00e3o e pediu dedica\u00e7\u00e3o \u00e0 equipe de governo. Segundo relato dos secret\u00e1rios, os desafios apresentados exigir\u00e3o dedica\u00e7\u00e3o e empenho de todos. Um plano de a\u00e7\u00e3o emergencial j\u00e1 est\u00e1 sendo constru\u00eddo para os primeiros dias da nova administra\u00e7\u00e3o.<\/p>\n<p>Na pr\u00f3xima quinta-feira (29), no audit\u00f3rio do Hotel Novo Leste, \u00e0s 9h, acontecer\u00e1 uma coletiva de imprensa com Carlos Brasileiro, Z\u00e9 Ant\u00f4nio e secret\u00e1rios, momento de intera\u00e7\u00e3o onde ser\u00e3o apresentadas a\u00e7\u00f5es que ser\u00e3o executadas nas primeiras semanas de gest\u00e3o.<\/p>\n<p>Tamb\u00e9m participaram da reuni\u00e3o de avalia\u00e7\u00e3o, os presidentes de partidos da base de apoio e os vereadores eleitos: Deto de Quic\u00e9, Cleiton Vieira, Mimo de Igara, Reinaldo Jos\u00e9, Elizeu dos Temperos, alem dos vereadores de mandato R\u00ea do Sindicato e L\u00facia Cerqueira.<\/p>\n<p><em>*Ascom Brasileiro<\/em><\/p>\n","protected":false},"excerpt":{"rendered":"<p>Aconteceu na manh\u00e3 desta sexta-feira (23), no audit\u00f3rio das Sacramentinas, a primeira reuni\u00e3o entre o prefeito eleito Carlos Brasileiro, o vice-prefeito Z\u00e9 Ant\u00f4nio, secret\u00e1rios de governo e parte da equipe que ir\u00e1 compor a administra\u00e7\u00e3o do munic\u00edpio nos pr\u00f3ximos quatro anos. A reuni\u00e3o teve como objetivo apresentar e avaliar as informa\u00e7\u00f5es obtidas durante o per\u00edodo [&hellip;]<\/p>\n","protected":false},"author":2,"featured_media":14298,"comment_status":"open","ping_status":"open","sticky":false,"template":"","format":"standard","meta":{"_acf_changed":false,"_monsterinsights_skip_tracking":false,"_monsterinsights_sitenote_active":false,"_monsterinsights_sitenote_note":"","_monsterinsights_sitenote_category":0,"_jetpack_memberships_contains_paid_content":false,"footnotes":"","jetpack_publicize_message":"","jetpack_publicize_feature_enabled":true,"jetpack_social_post_already_shared":true,"jetpack_social_options":{"image_generator_settings":{"template":"highway","default_image_id":0,"font":"","enabled":false},"version":2}},"categories":[1,3,4],"tags":[],"class_list":["post-14297","post","type-post","status-publish","format-standard","has-post-thumbnail","hentry","category-noticias","category-politica","category-local"],"acf":[],"jetpack_publicize_connections":[],"jetpack_featured_media_url":"https:\/\/i0.wp.com\/blogdoeloiltoncajuhy.com.br\/site\/wp-content\/uploads\/2016\/12\/Brasileiro-reuni%C3%A3o_23.12-e1482706308738.jpg?fit=650%2C434&ssl=1","jetpack_sharing_enabled":true,"publishpress_future_workflow_manual_trigger":{"enabledWorkflows":[]},"_links":{"self":[{"href":"https:\/\/blogdoeloiltoncajuhy.com.br\/site\/wp-json\/wp\/v2\/posts\/14297","targetHints":{"allow":["GET"]}}],"collection":[{"href":"https:\/\/blogdoeloiltoncajuhy.com.br\/site\/wp-json\/wp\/v2\/posts"}],"about":[{"href":"https:\/\/blogdoeloiltoncajuhy.com.br\/site\/wp-json\/wp\/v2\/types\/post"}],"author":[{"embeddable":true,"href":"https:\/\/blogdoeloiltoncajuhy.com.br\/site\/wp-json\/wp\/v2\/users\/2"}],"replies":[{"embeddable":true,"href":"https:\/\/blogdoeloiltoncajuhy.com.br\/site\/wp-json\/wp\/v2\/comments?post=14297"}],"version-history":[{"count":2,"href":"https:\/\/blogdoeloiltoncajuhy.com.br\/site\/wp-json\/wp\/v2\/posts\/14297\/revisions"}],"predecessor-version":[{"id":14300,"href":"https:\/\/blogdoeloiltoncajuhy.com.br\/site\/wp-json\/wp\/v2\/posts\/14297\/revisions\/14300"}],"wp:featuredmedia":[{"embeddable":true,"href":"https:\/\/blogdoeloiltoncajuhy.com.br\/site\/wp-json\/wp\/v2\/media\/14298"}],"wp:attachment":[{"href":"https:\/\/blogdoeloiltoncajuhy.com.br\/site\/wp-json\/wp\/v2\/media?parent=14297"}],"wp:term":[{"taxonomy":"category","embeddable":true,"href":"https:\/\/blogdoeloiltoncajuhy.com.br\/site\/wp-json\/wp\/v2\/categories?post=14297"},{"taxonomy":"post_tag","embeddable":true,"href":"https:\/\/blogdoeloiltoncajuhy.com.br\/site\/wp-json\/wp\/v2\/tags?post=14297"}],"curies":[{"name":"wp","href":"https:\/\/api.w.org\/{rel}","templated":true}]}}