{"id":14295,"date":"2016-12-25T19:42:54","date_gmt":"2016-12-25T22:42:54","guid":{"rendered":"http:\/\/blogdoeloiltoncajuhy.com.br\/site\/?p=14295"},"modified":"2016-12-25T19:42:54","modified_gmt":"2016-12-25T22:42:54","slug":"comece-a-segunda-feira-meditando-quem-perseverar-ate-o-fim-esse-sera-salvo-mt-1017-22","status":"publish","type":"post","link":"https:\/\/blogdoeloiltoncajuhy.com.br\/site\/comece-a-segunda-feira-meditando-quem-perseverar-ate-o-fim-esse-sera-salvo-mt-1017-22\/","title":{"rendered":"COMECE A SEGUNDA-FEIRA MEDITANDO: &#8220;Quem perseverar at\u00e9 o fim, esse ser\u00e1 salvo&#8221; -Mt 10,17-22"},"content":{"rendered":"<p><a href=\"https:\/\/i0.wp.com\/blogdoeloiltoncajuhy.com.br\/site\/wp-content\/uploads\/2015\/10\/liturgia_diaria.jpg\"><img data-recalc-dims=\"1\" fetchpriority=\"high\" decoding=\"async\" class=\"aligncenter wp-image-4757 size-medium\" src=\"https:\/\/i0.wp.com\/blogdoeloiltoncajuhy.com.br\/site\/wp-content\/uploads\/2015\/10\/liturgia_diaria.jpg?resize=300%2C227\" width=\"300\" height=\"227\" srcset=\"https:\/\/i0.wp.com\/blogdoeloiltoncajuhy.com.br\/site\/wp-content\/uploads\/2015\/10\/liturgia_diaria.jpg?resize=300%2C227&amp;ssl=1 300w, https:\/\/i0.wp.com\/blogdoeloiltoncajuhy.com.br\/site\/wp-content\/uploads\/2015\/10\/liturgia_diaria.jpg?resize=250%2C189&amp;ssl=1 250w, https:\/\/i0.wp.com\/blogdoeloiltoncajuhy.com.br\/site\/wp-content\/uploads\/2015\/10\/liturgia_diaria.jpg?w=449&amp;ssl=1 449w\" sizes=\"(max-width: 300px) 100vw, 300px\" \/><\/a>Naquele tempo, disse Jesus aos seus ap\u00f3stolos: \u201cCuidado com os homens, porque eles vos entregar\u00e3o aos tribunais e vos a\u00e7oitar\u00e3o nas suas sinagogas. V\u00f3s sereis levados diante de governadores e reis, por minha causa, para dar testemunho diante deles e das na\u00e7\u00f5es. Quando vos entregarem, n\u00e3o fiqueis preocupados como falar ou o que dizer. Ent\u00e3o naquele momento vos ser\u00e1 indicado o que deveis dizer. Com efeito, n\u00e3o sereis v\u00f3s que havereis de falar, mas sim o Esp\u00edrito do vosso Pai \u00e9 que falar\u00e1 atrav\u00e9s de v\u00f3s. O irm\u00e3o entregar\u00e1 \u00e0 morte o pr\u00f3prio irm\u00e3o; o pai entregar\u00e1 o filho; os filhos se levantar\u00e3o contra seus pais, e os matar\u00e3o. V\u00f3s sereis odiados por todos, por causa do meu nome. Mas quem perseverar at\u00e9 o fim, esse ser\u00e1 salvo.<\/p>\n<p><em><strong>*<a href=\"http:\/\/liturgia.cancaonova.com\/liturgia\/santo-estevao-o-primeiro-martir-segunda-feira-26122016\/\">Can\u00e7\u00e3o Nova<\/a><\/strong><\/em><\/p>\n","protected":false},"excerpt":{"rendered":"<p>Naquele tempo, disse Jesus aos seus ap\u00f3stolos: \u201cCuidado com os homens, porque eles vos entregar\u00e3o aos tribunais e vos a\u00e7oitar\u00e3o nas suas sinagogas. V\u00f3s sereis levados diante de governadores e reis, por minha causa, para dar testemunho diante deles e das na\u00e7\u00f5es. Quando vos entregarem, n\u00e3o fiqueis preocupados como falar ou o que dizer. Ent\u00e3o [&hellip;]<\/p>\n","protected":false},"author":2,"featured_media":0,"comment_status":"open","ping_status":"open","sticky":false,"template":"","format":"standard","meta":{"_acf_changed":false,"_monsterinsights_skip_tracking":false,"_monsterinsights_sitenote_active":false,"_monsterinsights_sitenote_note":"","_monsterinsights_sitenote_category":0,"_jetpack_memberships_contains_paid_content":false,"footnotes":"","jetpack_publicize_message":"","jetpack_publicize_feature_enabled":true,"jetpack_social_post_already_shared":true,"jetpack_social_options":{"image_generator_settings":{"template":"highway","default_image_id":0,"font":"","enabled":false},"version":2}},"categories":[1,9],"tags":[],"class_list":["post-14295","post","type-post","status-publish","format-standard","hentry","category-noticias","category-reflexao"],"acf":[],"jetpack_publicize_connections":[],"jetpack_featured_media_url":"","jetpack_sharing_enabled":true,"publishpress_future_workflow_manual_trigger":{"enabledWorkflows":[]},"_links":{"self":[{"href":"https:\/\/blogdoeloiltoncajuhy.com.br\/site\/wp-json\/wp\/v2\/posts\/14295","targetHints":{"allow":["GET"]}}],"collection":[{"href":"https:\/\/blogdoeloiltoncajuhy.com.br\/site\/wp-json\/wp\/v2\/posts"}],"about":[{"href":"https:\/\/blogdoeloiltoncajuhy.com.br\/site\/wp-json\/wp\/v2\/types\/post"}],"author":[{"embeddable":true,"href":"https:\/\/blogdoeloiltoncajuhy.com.br\/site\/wp-json\/wp\/v2\/users\/2"}],"replies":[{"embeddable":true,"href":"https:\/\/blogdoeloiltoncajuhy.com.br\/site\/wp-json\/wp\/v2\/comments?post=14295"}],"version-history":[{"count":1,"href":"https:\/\/blogdoeloiltoncajuhy.com.br\/site\/wp-json\/wp\/v2\/posts\/14295\/revisions"}],"predecessor-version":[{"id":14296,"href":"https:\/\/blogdoeloiltoncajuhy.com.br\/site\/wp-json\/wp\/v2\/posts\/14295\/revisions\/14296"}],"wp:attachment":[{"href":"https:\/\/blogdoeloiltoncajuhy.com.br\/site\/wp-json\/wp\/v2\/media?parent=14295"}],"wp:term":[{"taxonomy":"category","embeddable":true,"href":"https:\/\/blogdoeloiltoncajuhy.com.br\/site\/wp-json\/wp\/v2\/categories?post=14295"},{"taxonomy":"post_tag","embeddable":true,"href":"https:\/\/blogdoeloiltoncajuhy.com.br\/site\/wp-json\/wp\/v2\/tags?post=14295"}],"curies":[{"name":"wp","href":"https:\/\/api.w.org\/{rel}","templated":true}]}}