{"id":14292,"date":"2016-12-25T19:34:37","date_gmt":"2016-12-25T22:34:37","guid":{"rendered":"http:\/\/blogdoeloiltoncajuhy.com.br\/site\/?p=14292"},"modified":"2016-12-25T19:34:37","modified_gmt":"2016-12-25T22:34:37","slug":"prefeito-de-andorinha-decreta-luto-oficial-no-municipio","status":"publish","type":"post","link":"https:\/\/blogdoeloiltoncajuhy.com.br\/site\/prefeito-de-andorinha-decreta-luto-oficial-no-municipio\/","title":{"rendered":"Prefeito de Andorinha decreta Luto Oficial no munic\u00edpio"},"content":{"rendered":"<p><a href=\"https:\/\/i0.wp.com\/blogdoeloiltoncajuhy.com.br\/site\/wp-content\/uploads\/2016\/12\/Nota-de-Pesar_Altino-J%C3%BAnior.jpg\"><img data-recalc-dims=\"1\" fetchpriority=\"high\" decoding=\"async\" class=\"aligncenter size-full wp-image-14293\" src=\"https:\/\/i0.wp.com\/blogdoeloiltoncajuhy.com.br\/site\/wp-content\/uploads\/2016\/12\/Nota-de-Pesar_Altino-J%C3%BAnior.jpg?resize=516%2C347\" alt=\"\" width=\"516\" height=\"347\" srcset=\"https:\/\/i0.wp.com\/blogdoeloiltoncajuhy.com.br\/site\/wp-content\/uploads\/2016\/12\/Nota-de-Pesar_Altino-J%C3%BAnior.jpg?w=516&amp;ssl=1 516w, https:\/\/i0.wp.com\/blogdoeloiltoncajuhy.com.br\/site\/wp-content\/uploads\/2016\/12\/Nota-de-Pesar_Altino-J%C3%BAnior.jpg?resize=300%2C202&amp;ssl=1 300w, https:\/\/i0.wp.com\/blogdoeloiltoncajuhy.com.br\/site\/wp-content\/uploads\/2016\/12\/Nota-de-Pesar_Altino-J%C3%BAnior.jpg?resize=250%2C168&amp;ssl=1 250w\" sizes=\"(max-width: 516px) 100vw, 516px\" \/><\/a>A Prefeitura Municipal de Andorinha, atrav\u00e9s do Prefeito Jos\u00e9 Rodrigues Guimar\u00e3es Filho, Z\u00e8 Branco, decreta oficialmente luto municipal por tr\u00eas (03) dias em respeito \u00e0 mem\u00f3ria de <strong>Altino Nascimento Ferreira Junior<\/strong> &#8211; falecido hoje, 25 de Dezembro de 2016. Rogamos a Deus pelo seu amparo e conforto aos familiares e amigos neste momento de tristeza e saudade.<\/p>\n","protected":false},"excerpt":{"rendered":"<p>A Prefeitura Municipal de Andorinha, atrav\u00e9s do Prefeito Jos\u00e9 Rodrigues Guimar\u00e3es Filho, Z\u00e8 Branco, decreta oficialmente luto municipal por tr\u00eas (03) dias em respeito \u00e0 mem\u00f3ria de Altino Nascimento Ferreira Junior &#8211; falecido hoje, 25 de Dezembro de 2016. Rogamos a Deus pelo seu amparo e conforto aos familiares e amigos neste momento de tristeza [&hellip;]<\/p>\n","protected":false},"author":2,"featured_media":14293,"comment_status":"open","ping_status":"open","sticky":false,"template":"","format":"standard","meta":{"_acf_changed":false,"_monsterinsights_skip_tracking":false,"_monsterinsights_sitenote_active":false,"_monsterinsights_sitenote_note":"","_monsterinsights_sitenote_category":0,"_jetpack_memberships_contains_paid_content":false,"footnotes":"","jetpack_publicize_message":"","jetpack_publicize_feature_enabled":true,"jetpack_social_post_already_shared":true,"jetpack_social_options":{"image_generator_settings":{"template":"highway","default_image_id":0,"font":"","enabled":false},"version":2}},"categories":[1,3,11],"tags":[],"class_list":["post-14292","post","type-post","status-publish","format-standard","has-post-thumbnail","hentry","category-noticias","category-politica","category-regional"],"acf":[],"jetpack_publicize_connections":[],"jetpack_featured_media_url":"https:\/\/i0.wp.com\/blogdoeloiltoncajuhy.com.br\/site\/wp-content\/uploads\/2016\/12\/Nota-de-Pesar_Altino-J%C3%BAnior.jpg?fit=516%2C347&ssl=1","jetpack_sharing_enabled":true,"publishpress_future_workflow_manual_trigger":{"enabledWorkflows":[]},"_links":{"self":[{"href":"https:\/\/blogdoeloiltoncajuhy.com.br\/site\/wp-json\/wp\/v2\/posts\/14292","targetHints":{"allow":["GET"]}}],"collection":[{"href":"https:\/\/blogdoeloiltoncajuhy.com.br\/site\/wp-json\/wp\/v2\/posts"}],"about":[{"href":"https:\/\/blogdoeloiltoncajuhy.com.br\/site\/wp-json\/wp\/v2\/types\/post"}],"author":[{"embeddable":true,"href":"https:\/\/blogdoeloiltoncajuhy.com.br\/site\/wp-json\/wp\/v2\/users\/2"}],"replies":[{"embeddable":true,"href":"https:\/\/blogdoeloiltoncajuhy.com.br\/site\/wp-json\/wp\/v2\/comments?post=14292"}],"version-history":[{"count":1,"href":"https:\/\/blogdoeloiltoncajuhy.com.br\/site\/wp-json\/wp\/v2\/posts\/14292\/revisions"}],"predecessor-version":[{"id":14294,"href":"https:\/\/blogdoeloiltoncajuhy.com.br\/site\/wp-json\/wp\/v2\/posts\/14292\/revisions\/14294"}],"wp:featuredmedia":[{"embeddable":true,"href":"https:\/\/blogdoeloiltoncajuhy.com.br\/site\/wp-json\/wp\/v2\/media\/14293"}],"wp:attachment":[{"href":"https:\/\/blogdoeloiltoncajuhy.com.br\/site\/wp-json\/wp\/v2\/media?parent=14292"}],"wp:term":[{"taxonomy":"category","embeddable":true,"href":"https:\/\/blogdoeloiltoncajuhy.com.br\/site\/wp-json\/wp\/v2\/categories?post=14292"},{"taxonomy":"post_tag","embeddable":true,"href":"https:\/\/blogdoeloiltoncajuhy.com.br\/site\/wp-json\/wp\/v2\/tags?post=14292"}],"curies":[{"name":"wp","href":"https:\/\/api.w.org\/{rel}","templated":true}]}}