{"id":14282,"date":"2016-12-25T12:04:38","date_gmt":"2016-12-25T15:04:38","guid":{"rendered":"http:\/\/blogdoeloiltoncajuhy.com.br\/site\/?p=14282"},"modified":"2016-12-25T12:04:38","modified_gmt":"2016-12-25T15:04:38","slug":"em-mensagem-de-natal-papa-francisco-evoca-a-paz-ante-o-terrorismo","status":"publish","type":"post","link":"https:\/\/blogdoeloiltoncajuhy.com.br\/site\/em-mensagem-de-natal-papa-francisco-evoca-a-paz-ante-o-terrorismo\/","title":{"rendered":"Em mensagem de Natal, Papa Francisco evoca a paz ante o terrorismo"},"content":{"rendered":"<p style=\"text-align: center;\"><em><strong>Francisco falou sobre a guerra na S\u00edria e o conflito entre israelenses e palestinos na tradicional mensagem &#8220;Urbi et Orbi&#8221; (&#8220;\u00c0 cidade e ao mundo&#8221;)<\/strong><\/em><\/p>\n<figure id=\"attachment_14283\" aria-describedby=\"caption-attachment-14283\" style=\"width: 984px\" class=\"wp-caption aligncenter\"><a href=\"https:\/\/i0.wp.com\/blogdoeloiltoncajuhy.com.br\/site\/wp-content\/uploads\/2016\/12\/papa-natal.jpg\"><img data-recalc-dims=\"1\" fetchpriority=\"high\" decoding=\"async\" class=\"wp-image-14283 size-full\" src=\"https:\/\/i0.wp.com\/blogdoeloiltoncajuhy.com.br\/site\/wp-content\/uploads\/2016\/12\/papa-natal.jpg?resize=800%2C562\" width=\"800\" height=\"562\" \/><\/a><figcaption id=\"caption-attachment-14283\" class=\"wp-caption-text\">Papa Francisco acena neste domingo (25) da varanda da Bas\u00edlica de S\u00e3o Pedro, no Vaticano (Foto: REUTERS\/Alessandro Bianchi)<\/figcaption><\/figure>\n<p>Em sua tradicional mensagem de Natal, o Papa Francisco evocou a paz a todos que perderam seres queridos em &#8220;atos de terrorismo que espalharam medo e morte no cora\u00e7\u00e3o de tantos pa\u00edses e cidades&#8221;. O Papa falou na varanda da Bas\u00edlica de S\u00e3o Pedro, no Vaticano.<\/p>\n<p>O Papa citou a guerra na S\u00edria, o conflito no Oriente M\u00e9dio e a situa\u00e7\u00e3o em pa\u00edses latino-americanos ao evocar a paz.\u00a0Sobre a S\u00edria, disse que \u00e9 hora de que &#8220;as armas se calem definitivamente&#8221;. &#8220;\u00c9 hora de que as armas se calem definitivamente e a comunidade internacional se comprometa ativamente para que se consiga uma solu\u00e7\u00e3o negoci\u00e1vel&#8221;, declarou.<\/p>\n<p>Neste pa\u00eds, onde o regime s\u00edrio apoiado pela R\u00fassia acaba de recuperar o controle de Aleppo, &#8220;muito sangue foi derramado&#8221;, ressaltou o pont\u00edfice a respeito do conflito que j\u00e1 dura cinco anos. &#8220;Sobretudo na cidade de Aleppo, palco nas \u00faltimas semanas de uma das batalhas mais atrozes, \u00e9 mais do que nunca urgente que a ajuda e reconforto sejam garantidas \u00e0 popula\u00e7\u00e3o civil, no fim de suas for\u00e7as, em respeito ao direito humanit\u00e1rio&#8221;, afirmou.<\/p>\n<p>Em rela\u00e7\u00e3o ao conflito entre israelenses e palestinos, o Papa afirmou que os dois lados devem &#8220;escrever uma nova p\u00e1gina da hist\u00f3ria&#8221;.\u00a0&#8220;Paz para as mulheres e homens da amada Terra Santa, eleita e favorecida por Deus. Que os israelenses e os palestinos tenham coragem e determina\u00e7\u00e3o para escrever uma nova p\u00e1gina da hist\u00f3ria, em que o \u00f3dio e a vingan\u00e7a cedam lugar \u00e0 vontade de construir conjuntamente um futuro de rec\u00edproca compensa\u00e7\u00e3o e harmonia&#8221;, afirmou.<\/p>\n<p>O soberano pont\u00edfice tamb\u00e9m pediu uma &#8220;paz restaurada&#8221; no Iraque, L\u00edbia e I\u00eamen, &#8220;onde as pessoas sofrem com a guerra e atos terroristas atrozes&#8221;.\u00a0O Papa, que acaba de completar 80 anos, tamb\u00e9m mencionou a situa\u00e7\u00e3o na Venezuela e na Col\u00f4mbia. Francisco pediu &#8220;harmonia&#8221; ao &#8220;querido povo colombiano&#8221;, imerso em um processo de paz para p\u00f4r fim ao conflito entre o governo e as Farc de mais de 50 anos.\u00a0&#8220;Pedimos harmonia para o querido povo colombiano, que deseja cumprir o novo e corajoso caminho de di\u00e1logo e reconcilia\u00e7\u00e3o&#8221;, disse.<\/p>\n<p>Tamb\u00e9m exortou que &#8220;a coragem anime (&#8230;) a amada Venezuela para dar os passos necess\u00e1rios com vistas a p\u00f4r fim \u00e0s tens\u00f5es atuais e edificar conjuntamente um futuro de esperan\u00e7a para toda a popula\u00e7\u00e3o&#8221;. A Venezuela passa por uma profunda crise pol\u00edtica e econ\u00f4mica.<\/p>\n<p><strong>Materialismo<\/strong><br \/>\nNa noite de s\u00e1bado, em sua homilia da noite de Natal, o Papa Francisco criticou o materialismo daqueles que festejam o Natal pensando apenas nos presentes e chamou a todos a ter compaix\u00e3o pelas crian\u00e7as abandonadas. Esta cerim\u00f4nia, na Bas\u00edlica de S\u00e3o Pedro, foi realizada em meio a fortes, mas discretas, medidas de seguran\u00e7a.<\/p>\n<p>Em Bel\u00e9m, lugar onde, segundo a tradi\u00e7\u00e3o crist\u00e3, nasceu Jesus Cristo, cerca de 2.500 fi\u00e9is palestinos e estrangeiros lotaram a Bas\u00edlica da Natividade para a missa do Galo \u00e0 meia-noite. O presidente Mahmud Abbas e outros dignit\u00e1rios palestinos estavam presentes.<\/p>\n<p>No norte de Israel, mais de 25.000 pessoas participaram nas celebra\u00e7\u00f5es de Natal em Nazar\u00e9, cidade onde Jesus passou sua inf\u00e2ncia.<\/p>\n<p><em>*Por G1<\/em><\/p>\n","protected":false},"excerpt":{"rendered":"<p>Francisco falou sobre a guerra na S\u00edria e o conflito entre israelenses e palestinos na tradicional mensagem &#8220;Urbi et Orbi&#8221; (&#8220;\u00c0 cidade e ao mundo&#8221;) Em sua tradicional mensagem de Natal, o Papa Francisco evocou a paz a todos que perderam seres queridos em &#8220;atos de terrorismo que espalharam medo e morte no cora\u00e7\u00e3o de [&hellip;]<\/p>\n","protected":false},"author":2,"featured_media":14283,"comment_status":"open","ping_status":"open","sticky":false,"template":"","format":"standard","meta":{"_acf_changed":false,"_monsterinsights_skip_tracking":false,"_monsterinsights_sitenote_active":false,"_monsterinsights_sitenote_note":"","_monsterinsights_sitenote_category":0,"_jetpack_memberships_contains_paid_content":false,"footnotes":"","jetpack_publicize_message":"","jetpack_publicize_feature_enabled":true,"jetpack_social_post_already_shared":true,"jetpack_social_options":{"image_generator_settings":{"template":"highway","default_image_id":0,"font":"","enabled":false},"version":2}},"categories":[5,1],"tags":[],"class_list":["post-14282","post","type-post","status-publish","format-standard","has-post-thumbnail","hentry","category-cotidiano","category-noticias"],"acf":[],"jetpack_publicize_connections":[],"jetpack_featured_media_url":"https:\/\/i0.wp.com\/blogdoeloiltoncajuhy.com.br\/site\/wp-content\/uploads\/2016\/12\/papa-natal-e1491492525692.jpg?fit=600%2C421&ssl=1","jetpack_sharing_enabled":true,"publishpress_future_workflow_manual_trigger":{"enabledWorkflows":[]},"_links":{"self":[{"href":"https:\/\/blogdoeloiltoncajuhy.com.br\/site\/wp-json\/wp\/v2\/posts\/14282","targetHints":{"allow":["GET"]}}],"collection":[{"href":"https:\/\/blogdoeloiltoncajuhy.com.br\/site\/wp-json\/wp\/v2\/posts"}],"about":[{"href":"https:\/\/blogdoeloiltoncajuhy.com.br\/site\/wp-json\/wp\/v2\/types\/post"}],"author":[{"embeddable":true,"href":"https:\/\/blogdoeloiltoncajuhy.com.br\/site\/wp-json\/wp\/v2\/users\/2"}],"replies":[{"embeddable":true,"href":"https:\/\/blogdoeloiltoncajuhy.com.br\/site\/wp-json\/wp\/v2\/comments?post=14282"}],"version-history":[{"count":1,"href":"https:\/\/blogdoeloiltoncajuhy.com.br\/site\/wp-json\/wp\/v2\/posts\/14282\/revisions"}],"predecessor-version":[{"id":14284,"href":"https:\/\/blogdoeloiltoncajuhy.com.br\/site\/wp-json\/wp\/v2\/posts\/14282\/revisions\/14284"}],"wp:featuredmedia":[{"embeddable":true,"href":"https:\/\/blogdoeloiltoncajuhy.com.br\/site\/wp-json\/wp\/v2\/media\/14283"}],"wp:attachment":[{"href":"https:\/\/blogdoeloiltoncajuhy.com.br\/site\/wp-json\/wp\/v2\/media?parent=14282"}],"wp:term":[{"taxonomy":"category","embeddable":true,"href":"https:\/\/blogdoeloiltoncajuhy.com.br\/site\/wp-json\/wp\/v2\/categories?post=14282"},{"taxonomy":"post_tag","embeddable":true,"href":"https:\/\/blogdoeloiltoncajuhy.com.br\/site\/wp-json\/wp\/v2\/tags?post=14282"}],"curies":[{"name":"wp","href":"https:\/\/api.w.org\/{rel}","templated":true}]}}