{"id":14275,"date":"2016-12-25T11:23:15","date_gmt":"2016-12-25T14:23:15","guid":{"rendered":"http:\/\/blogdoeloiltoncajuhy.com.br\/site\/?p=14275"},"modified":"2016-12-25T16:49:12","modified_gmt":"2016-12-25T19:49:12","slug":"andorinha-candidato-a-vice-prefeito-em-2016-morre-em-acidente-na-br-407","status":"publish","type":"post","link":"https:\/\/blogdoeloiltoncajuhy.com.br\/site\/andorinha-candidato-a-vice-prefeito-em-2016-morre-em-acidente-na-br-407\/","title":{"rendered":"ANDORINHA: Candidato a vice-prefeito em 2016, morre em acidente na BR-407"},"content":{"rendered":"<p><a href=\"https:\/\/i0.wp.com\/blogdoeloiltoncajuhy.com.br\/site\/wp-content\/uploads\/2016\/12\/ALTINO_4.jpg\"><img data-recalc-dims=\"1\" fetchpriority=\"high\" decoding=\"async\" class=\"aligncenter size-full wp-image-14279\" src=\"https:\/\/i0.wp.com\/blogdoeloiltoncajuhy.com.br\/site\/wp-content\/uploads\/2016\/12\/ALTINO_4.jpg?resize=477%2C473\" alt=\"\" width=\"477\" height=\"473\" srcset=\"https:\/\/i0.wp.com\/blogdoeloiltoncajuhy.com.br\/site\/wp-content\/uploads\/2016\/12\/ALTINO_4.jpg?w=477&amp;ssl=1 477w, https:\/\/i0.wp.com\/blogdoeloiltoncajuhy.com.br\/site\/wp-content\/uploads\/2016\/12\/ALTINO_4.jpg?resize=150%2C150&amp;ssl=1 150w, https:\/\/i0.wp.com\/blogdoeloiltoncajuhy.com.br\/site\/wp-content\/uploads\/2016\/12\/ALTINO_4.jpg?resize=300%2C297&amp;ssl=1 300w, https:\/\/i0.wp.com\/blogdoeloiltoncajuhy.com.br\/site\/wp-content\/uploads\/2016\/12\/ALTINO_4.jpg?resize=250%2C248&amp;ssl=1 250w, https:\/\/i0.wp.com\/blogdoeloiltoncajuhy.com.br\/site\/wp-content\/uploads\/2016\/12\/ALTINO_4.jpg?resize=48%2C48&amp;ssl=1 48w\" sizes=\"(max-width: 477px) 100vw, 477px\" \/><\/a>Um tr\u00e1gico acidente, ocorrido no in\u00edcio da madrugada deste domingo (25), na BR-407, trecho do Povoado de Aroeira, munic\u00edpio de Filad\u00e9lfia, matou o ex-candidato a vice-prefeito de Andorinha, nas elei\u00e7\u00f5es deste ano, Altino J\u00fanior, de 31 anos de idade, do PCdoB. Ele formou a chapa do candidato a prefeito Agileu Lima (PT).<\/p>\n<p>J\u00fanior, que era perito da Pol\u00edcia Civil em Andorinha, dirigia um Corola branco, placa OZK-7108, que\u00a0bateu com um caminh\u00e3o. De acordo com informa\u00e7\u00f5es do site <a href=\"http:\/\/www.filadelfiaemnoticias.com.br\/2016\/12\/policial-de-andorinha-morre-em-acidente.html\"><strong>FILAD\u00c9LFIA EM NOT\u00cdCIAS<\/strong><\/a>, o\u00a0SAMU foi acionado, por\u00e9m, devido a gravidade dos ferimentos, Altino J\u00fanior n\u00e3o resistiu e acabou falecendo ainda no local do acidente.<\/p>\n<p>&nbsp;<\/p>\n<p><a href=\"https:\/\/i0.wp.com\/blogdoeloiltoncajuhy.com.br\/site\/wp-content\/uploads\/2016\/12\/ALTINO_2-e1482674242984.jpg\"><img data-recalc-dims=\"1\" decoding=\"async\" class=\"aligncenter size-full wp-image-14277\" src=\"https:\/\/i0.wp.com\/blogdoeloiltoncajuhy.com.br\/site\/wp-content\/uploads\/2016\/12\/ALTINO_2-e1482674242984.jpg?resize=500%2C262\" alt=\"\" width=\"500\" height=\"262\" \/><\/a>O clima \u00e9 de muita como\u00e7\u00e3o na cidade Andorinha, uma vez que Altino J\u00fanior, al\u00e9m de policial civil, tinha uma intensa atua\u00e7\u00e3o pol\u00edtica, tendo sido candidato a prefeito daquele munic\u00edpio nas elei\u00e7\u00f5es de 2012.<\/p>\n<p>O corpo de J\u00fanior est\u00e1 sendo velado na resid\u00eancia de sua m\u00e3e, em Andorinha, e ser\u00e1 sepultado nesta segunda-feira (26), \u00e0s 8h da manh\u00e3 naquele munic\u00edpio.<\/p>\n<figure id=\"attachment_14285\" aria-describedby=\"caption-attachment-14285\" style=\"width: 600px\" class=\"wp-caption aligncenter\"><a href=\"https:\/\/i0.wp.com\/blogdoeloiltoncajuhy.com.br\/site\/wp-content\/uploads\/2016\/12\/ALTINO_5-e1482695137228.jpg\"><img data-recalc-dims=\"1\" decoding=\"async\" class=\"wp-image-14285 size-full\" src=\"https:\/\/i0.wp.com\/blogdoeloiltoncajuhy.com.br\/site\/wp-content\/uploads\/2016\/12\/ALTINO_5-e1482695137228.jpg?resize=600%2C337\" width=\"600\" height=\"337\" \/><\/a><figcaption id=\"caption-attachment-14285\" class=\"wp-caption-text\">Carro de Altino Jr., bastante danificado por causa do acidente, foi trazido para o Complexo Policial de Senhor do Bonfim (Foto do leitor enviada pelo WhatsApp)<\/figcaption><\/figure>\n<p><em>*BLOG DO ELOILTON CAJUHY<\/em><\/p>\n<p>&nbsp;<\/p>\n","protected":false},"excerpt":{"rendered":"<p>Um tr\u00e1gico acidente, ocorrido no in\u00edcio da madrugada deste domingo (25), na BR-407, trecho do Povoado de Aroeira, munic\u00edpio de Filad\u00e9lfia, matou o ex-candidato a vice-prefeito de Andorinha, nas elei\u00e7\u00f5es deste ano, Altino J\u00fanior, de 31 anos de idade, do PCdoB. Ele formou a chapa do candidato a prefeito Agileu Lima (PT). J\u00fanior, que era [&hellip;]<\/p>\n","protected":false},"author":2,"featured_media":14285,"comment_status":"open","ping_status":"open","sticky":false,"template":"","format":"standard","meta":{"_acf_changed":false,"_monsterinsights_skip_tracking":false,"_monsterinsights_sitenote_active":false,"_monsterinsights_sitenote_note":"","_monsterinsights_sitenote_category":0,"_jetpack_memberships_contains_paid_content":false,"footnotes":"","jetpack_publicize_message":"","jetpack_publicize_feature_enabled":true,"jetpack_social_post_already_shared":true,"jetpack_social_options":{"image_generator_settings":{"template":"highway","default_image_id":0,"font":"","enabled":false},"version":2}},"categories":[1,3,11],"tags":[],"class_list":["post-14275","post","type-post","status-publish","format-standard","has-post-thumbnail","hentry","category-noticias","category-politica","category-regional"],"acf":[],"jetpack_publicize_connections":[],"jetpack_featured_media_url":"https:\/\/i0.wp.com\/blogdoeloiltoncajuhy.com.br\/site\/wp-content\/uploads\/2016\/12\/ALTINO_5-e1482695137228.jpg?fit=600%2C337&ssl=1","jetpack_sharing_enabled":true,"publishpress_future_workflow_manual_trigger":{"enabledWorkflows":[]},"_links":{"self":[{"href":"https:\/\/blogdoeloiltoncajuhy.com.br\/site\/wp-json\/wp\/v2\/posts\/14275","targetHints":{"allow":["GET"]}}],"collection":[{"href":"https:\/\/blogdoeloiltoncajuhy.com.br\/site\/wp-json\/wp\/v2\/posts"}],"about":[{"href":"https:\/\/blogdoeloiltoncajuhy.com.br\/site\/wp-json\/wp\/v2\/types\/post"}],"author":[{"embeddable":true,"href":"https:\/\/blogdoeloiltoncajuhy.com.br\/site\/wp-json\/wp\/v2\/users\/2"}],"replies":[{"embeddable":true,"href":"https:\/\/blogdoeloiltoncajuhy.com.br\/site\/wp-json\/wp\/v2\/comments?post=14275"}],"version-history":[{"count":5,"href":"https:\/\/blogdoeloiltoncajuhy.com.br\/site\/wp-json\/wp\/v2\/posts\/14275\/revisions"}],"predecessor-version":[{"id":14288,"href":"https:\/\/blogdoeloiltoncajuhy.com.br\/site\/wp-json\/wp\/v2\/posts\/14275\/revisions\/14288"}],"wp:featuredmedia":[{"embeddable":true,"href":"https:\/\/blogdoeloiltoncajuhy.com.br\/site\/wp-json\/wp\/v2\/media\/14285"}],"wp:attachment":[{"href":"https:\/\/blogdoeloiltoncajuhy.com.br\/site\/wp-json\/wp\/v2\/media?parent=14275"}],"wp:term":[{"taxonomy":"category","embeddable":true,"href":"https:\/\/blogdoeloiltoncajuhy.com.br\/site\/wp-json\/wp\/v2\/categories?post=14275"},{"taxonomy":"post_tag","embeddable":true,"href":"https:\/\/blogdoeloiltoncajuhy.com.br\/site\/wp-json\/wp\/v2\/tags?post=14275"}],"curies":[{"name":"wp","href":"https:\/\/api.w.org\/{rel}","templated":true}]}}