{"id":14257,"date":"2016-12-23T22:31:01","date_gmt":"2016-12-24T01:31:01","guid":{"rendered":"http:\/\/blogdoeloiltoncajuhy.com.br\/site\/?p=14257"},"modified":"2016-12-23T22:31:01","modified_gmt":"2016-12-24T01:31:01","slug":"comece-o-sabado-meditando-bendito-seja-o-senhor-deus-de-israel-porque-visitou-e-redimiu-o-seu-povo-lc-167-79","status":"publish","type":"post","link":"https:\/\/blogdoeloiltoncajuhy.com.br\/site\/comece-o-sabado-meditando-bendito-seja-o-senhor-deus-de-israel-porque-visitou-e-redimiu-o-seu-povo-lc-167-79\/","title":{"rendered":"COMECE O S\u00c1BADO MEDITANDO: &#8220;Bendito seja o Senhor, Deus de Israel, porque visitou e redimiu o seu povo&#8221; &#8211; Lc 1,67-79"},"content":{"rendered":"<p><a href=\"https:\/\/i0.wp.com\/blogdoeloiltoncajuhy.com.br\/site\/wp-content\/uploads\/2015\/10\/liturgia_diaria.jpg\"><img data-recalc-dims=\"1\" fetchpriority=\"high\" decoding=\"async\" class=\"wp-image-4757 size-medium alignright\" src=\"https:\/\/i0.wp.com\/blogdoeloiltoncajuhy.com.br\/site\/wp-content\/uploads\/2015\/10\/liturgia_diaria.jpg?resize=300%2C227\" width=\"300\" height=\"227\" srcset=\"https:\/\/i0.wp.com\/blogdoeloiltoncajuhy.com.br\/site\/wp-content\/uploads\/2015\/10\/liturgia_diaria.jpg?resize=300%2C227&amp;ssl=1 300w, https:\/\/i0.wp.com\/blogdoeloiltoncajuhy.com.br\/site\/wp-content\/uploads\/2015\/10\/liturgia_diaria.jpg?resize=250%2C189&amp;ssl=1 250w, https:\/\/i0.wp.com\/blogdoeloiltoncajuhy.com.br\/site\/wp-content\/uploads\/2015\/10\/liturgia_diaria.jpg?w=449&amp;ssl=1 449w\" sizes=\"(max-width: 300px) 100vw, 300px\" \/><\/a>Naquele tempo, Zacarias, o pai de Jo\u00e3o, repleto do Esp\u00edrito Santo, profetizou, dizendo: \u201cBendito seja o Senhor, Deus de Israel, porque visitou e redimiu o seu povo. Fez aparecer para n\u00f3s uma for\u00e7a de salva\u00e7\u00e3o na casa de seu servo Davi, como tinha prometido desde outrora, pela boca de seus santos profetas, para nos salvar dos nossos inimigos e da m\u00e3o de todos os que nos odeiam.<\/p>\n<p>Ele usou de miseric\u00f3rdia para com nossos pais, recordando-se de sua santa alian\u00e7a e do juramento que fez a nosso pai Abra\u00e3o, para conceder-nos, que, sem temor e libertos das m\u00e3os dos nossos inimigos, n\u00f3s o sirvamos, com santidade e justi\u00e7a, em sua presen\u00e7a, todos os nossos dias.<\/p>\n<p>E tu, Menino, ser\u00e1s chamado profeta do Alt\u00edssimo, pois ir\u00e1s adiante do Senhor para preparar-lhe os caminhos, anunciando ao seu povo a salva\u00e7\u00e3o, pelo perd\u00e3o dos seus pecados. Gra\u00e7as \u00e0 misericordiosa compaix\u00e3o do nosso Deus, o sol que nasce do alto nos visitar\u00e1, para iluminar os que jazem nas trevas e nas sombras da morte, e dirigir nossos passos no caminho da paz\u201d.<\/p>\n<p><em>*<a href=\"http:\/\/liturgia.cancaonova.com\/liturgia\/preparacao-proxima-do-natal-sabado-24122016\/\"><strong>Can\u00e7\u00e3o Nova<\/strong><\/a><\/em><\/p>\n","protected":false},"excerpt":{"rendered":"<p>Naquele tempo, Zacarias, o pai de Jo\u00e3o, repleto do Esp\u00edrito Santo, profetizou, dizendo: \u201cBendito seja o Senhor, Deus de Israel, porque visitou e redimiu o seu povo. Fez aparecer para n\u00f3s uma for\u00e7a de salva\u00e7\u00e3o na casa de seu servo Davi, como tinha prometido desde outrora, pela boca de seus santos profetas, para nos salvar [&hellip;]<\/p>\n","protected":false},"author":2,"featured_media":0,"comment_status":"open","ping_status":"open","sticky":false,"template":"","format":"standard","meta":{"_acf_changed":false,"_monsterinsights_skip_tracking":false,"_monsterinsights_sitenote_active":false,"_monsterinsights_sitenote_note":"","_monsterinsights_sitenote_category":0,"_jetpack_memberships_contains_paid_content":false,"footnotes":"","jetpack_publicize_message":"","jetpack_publicize_feature_enabled":true,"jetpack_social_post_already_shared":true,"jetpack_social_options":{"image_generator_settings":{"template":"highway","default_image_id":0,"font":"","enabled":false},"version":2}},"categories":[1,9],"tags":[],"class_list":["post-14257","post","type-post","status-publish","format-standard","hentry","category-noticias","category-reflexao"],"acf":[],"jetpack_publicize_connections":[],"jetpack_featured_media_url":"","jetpack_sharing_enabled":true,"publishpress_future_workflow_manual_trigger":{"enabledWorkflows":[]},"_links":{"self":[{"href":"https:\/\/blogdoeloiltoncajuhy.com.br\/site\/wp-json\/wp\/v2\/posts\/14257","targetHints":{"allow":["GET"]}}],"collection":[{"href":"https:\/\/blogdoeloiltoncajuhy.com.br\/site\/wp-json\/wp\/v2\/posts"}],"about":[{"href":"https:\/\/blogdoeloiltoncajuhy.com.br\/site\/wp-json\/wp\/v2\/types\/post"}],"author":[{"embeddable":true,"href":"https:\/\/blogdoeloiltoncajuhy.com.br\/site\/wp-json\/wp\/v2\/users\/2"}],"replies":[{"embeddable":true,"href":"https:\/\/blogdoeloiltoncajuhy.com.br\/site\/wp-json\/wp\/v2\/comments?post=14257"}],"version-history":[{"count":1,"href":"https:\/\/blogdoeloiltoncajuhy.com.br\/site\/wp-json\/wp\/v2\/posts\/14257\/revisions"}],"predecessor-version":[{"id":14258,"href":"https:\/\/blogdoeloiltoncajuhy.com.br\/site\/wp-json\/wp\/v2\/posts\/14257\/revisions\/14258"}],"wp:attachment":[{"href":"https:\/\/blogdoeloiltoncajuhy.com.br\/site\/wp-json\/wp\/v2\/media?parent=14257"}],"wp:term":[{"taxonomy":"category","embeddable":true,"href":"https:\/\/blogdoeloiltoncajuhy.com.br\/site\/wp-json\/wp\/v2\/categories?post=14257"},{"taxonomy":"post_tag","embeddable":true,"href":"https:\/\/blogdoeloiltoncajuhy.com.br\/site\/wp-json\/wp\/v2\/tags?post=14257"}],"curies":[{"name":"wp","href":"https:\/\/api.w.org\/{rel}","templated":true}]}}