{"id":14245,"date":"2016-12-23T20:09:47","date_gmt":"2016-12-23T23:09:47","guid":{"rendered":"http:\/\/blogdoeloiltoncajuhy.com.br\/site\/?p=14245"},"modified":"2016-12-23T20:09:47","modified_gmt":"2016-12-23T23:09:47","slug":"bonfim-associacao-da-feira-livre-tera-programacao-natalina","status":"publish","type":"post","link":"https:\/\/blogdoeloiltoncajuhy.com.br\/site\/bonfim-associacao-da-feira-livre-tera-programacao-natalina\/","title":{"rendered":"BONFIM: Associa\u00e7\u00e3o da Feira Livre ter\u00e1 programa\u00e7\u00e3o natalina"},"content":{"rendered":"<p><a href=\"https:\/\/i0.wp.com\/blogdoeloiltoncajuhy.com.br\/site\/wp-content\/uploads\/2016\/12\/Natal_FeiraChique-e1482534566784.jpg\"><img data-recalc-dims=\"1\" fetchpriority=\"high\" decoding=\"async\" class=\"aligncenter size-full wp-image-14246\" src=\"https:\/\/i0.wp.com\/blogdoeloiltoncajuhy.com.br\/site\/wp-content\/uploads\/2016\/12\/Natal_FeiraChique-e1482534566784.jpg?resize=600%2C375\" alt=\"\" width=\"600\" height=\"375\" \/><\/a>A Associa\u00e7\u00e3o da Feira Livre e dos Ambulantes de Senhor do Bonfim vai realizar uma\u00a0programa\u00e7\u00e3o natalina, neste s\u00e1bado (24), a partir das 18 horas, na Pra\u00e7a Dr. Jos\u00e9 Gon\u00e7alves.\u00a0<strong>Confira as atra\u00e7\u00f5es:<\/strong><\/p>\n<p>&#8211; Apresenta\u00e7\u00e3o Gospel;<br \/>\n&#8211; Forroz\u00e3o Nescau com Leite;<br \/>\n&#8211; Banda Feiti\u00e7o de Menina.<\/p>\n","protected":false},"excerpt":{"rendered":"<p>A Associa\u00e7\u00e3o da Feira Livre e dos Ambulantes de Senhor do Bonfim vai realizar uma\u00a0programa\u00e7\u00e3o natalina, neste s\u00e1bado (24), a partir das 18 horas, na Pra\u00e7a Dr. Jos\u00e9 Gon\u00e7alves.\u00a0Confira as atra\u00e7\u00f5es: &#8211; Apresenta\u00e7\u00e3o Gospel; &#8211; Forroz\u00e3o Nescau com Leite; &#8211; Banda Feiti\u00e7o de Menina.<\/p>\n","protected":false},"author":2,"featured_media":14246,"comment_status":"open","ping_status":"open","sticky":false,"template":"","format":"standard","meta":{"_acf_changed":false,"_monsterinsights_skip_tracking":false,"_monsterinsights_sitenote_active":false,"_monsterinsights_sitenote_note":"","_monsterinsights_sitenote_category":0,"_jetpack_memberships_contains_paid_content":false,"footnotes":"","jetpack_publicize_message":"","jetpack_publicize_feature_enabled":true,"jetpack_social_post_already_shared":true,"jetpack_social_options":{"image_generator_settings":{"template":"highway","default_image_id":0,"font":"","enabled":false},"version":2}},"categories":[1,4],"tags":[],"class_list":["post-14245","post","type-post","status-publish","format-standard","has-post-thumbnail","hentry","category-noticias","category-local"],"acf":[],"jetpack_publicize_connections":[],"jetpack_featured_media_url":"https:\/\/i0.wp.com\/blogdoeloiltoncajuhy.com.br\/site\/wp-content\/uploads\/2016\/12\/Natal_FeiraChique-e1482534566784.jpg?fit=600%2C375&ssl=1","jetpack_sharing_enabled":true,"publishpress_future_workflow_manual_trigger":{"enabledWorkflows":[]},"_links":{"self":[{"href":"https:\/\/blogdoeloiltoncajuhy.com.br\/site\/wp-json\/wp\/v2\/posts\/14245","targetHints":{"allow":["GET"]}}],"collection":[{"href":"https:\/\/blogdoeloiltoncajuhy.com.br\/site\/wp-json\/wp\/v2\/posts"}],"about":[{"href":"https:\/\/blogdoeloiltoncajuhy.com.br\/site\/wp-json\/wp\/v2\/types\/post"}],"author":[{"embeddable":true,"href":"https:\/\/blogdoeloiltoncajuhy.com.br\/site\/wp-json\/wp\/v2\/users\/2"}],"replies":[{"embeddable":true,"href":"https:\/\/blogdoeloiltoncajuhy.com.br\/site\/wp-json\/wp\/v2\/comments?post=14245"}],"version-history":[{"count":1,"href":"https:\/\/blogdoeloiltoncajuhy.com.br\/site\/wp-json\/wp\/v2\/posts\/14245\/revisions"}],"predecessor-version":[{"id":14247,"href":"https:\/\/blogdoeloiltoncajuhy.com.br\/site\/wp-json\/wp\/v2\/posts\/14245\/revisions\/14247"}],"wp:featuredmedia":[{"embeddable":true,"href":"https:\/\/blogdoeloiltoncajuhy.com.br\/site\/wp-json\/wp\/v2\/media\/14246"}],"wp:attachment":[{"href":"https:\/\/blogdoeloiltoncajuhy.com.br\/site\/wp-json\/wp\/v2\/media?parent=14245"}],"wp:term":[{"taxonomy":"category","embeddable":true,"href":"https:\/\/blogdoeloiltoncajuhy.com.br\/site\/wp-json\/wp\/v2\/categories?post=14245"},{"taxonomy":"post_tag","embeddable":true,"href":"https:\/\/blogdoeloiltoncajuhy.com.br\/site\/wp-json\/wp\/v2\/tags?post=14245"}],"curies":[{"name":"wp","href":"https:\/\/api.w.org\/{rel}","templated":true}]}}